{"id":154785,"date":"2023-11-20T16:21:22","date_gmt":"2023-11-20T16:21:22","guid":{"rendered":"http:\/\/wordpress.gurbuz.net\/?p=154785"},"modified":"2023-11-20T16:35:02","modified_gmt":"2023-11-20T16:35:02","slug":"ki-ja-ki","status":"publish","type":"post","link":"http:\/\/wordpress.gurbuz.net\/?p=154785","title":{"rendered":"KI ja KI"},"content":{"rendered":"<p>Ihr WERDET&#8230;<br \/>\nDAS&#8230;<br \/>\nSchw\u00f6re ich UND ich habe noch nicht einmal DIE Frage gestellt<\/p>\n<p><img loading=\"lazy\" class=\"\" src=\"http:\/\/www.gurbuz.net\/Yeni\/201123-1.jpg\" alt=\"\" width=\"366\" height=\"1034\" \/><img loading=\"lazy\" class=\"\" style=\"font-size: 1rem;\" src=\"http:\/\/www.gurbuz.net\/Yeni\/201123-2.jpg\" alt=\"\" width=\"364\" height=\"654\" \/><\/p>\n<p><img src=\"https:\/\/www.bsi.bund.de\/SharedDocs\/Bilder\/DE\/BSI\/Presse\/Pressemeldungen\/230717_Amtseinfuehrung_Plattner.jpg?__blob=wide&#038;v=3\" alt=\"\" \/><\/p>\n<p>&#8222;Claudia Plattner feierlich im Amt begr\u00fc\u00dft<br \/>\n\u201eWeniger sagen, wie es nicht geht\u201c<\/p>\n<p>https:\/\/www.<strong>bsi.bund.de<\/strong>\/DE\/Service-Navi\/Presse\/Pressemitteilungen\/Presse2023\/230717_Claudia-Plattner-Amtseinfuehrung.html<\/p>\n<p>HEUTE&#8230;<br \/>\n\u2026<br \/>\nGOTT m\u00f6ge MITLEID HABEN mit dir Deutschland\u2026<br \/>\nMehr will\u2026<br \/>\nUnd MUSS ich auch nicht sagen.<\/p>\n<p>Ich M\u00dcSSTE mich sehr\u2026<br \/>\nWIRKLICH SEHR t\u00e4uschen.<\/p>\n<p>Wir werden sehen\u2026<br \/>\nBis jetzt 2x\u2026<br \/>\n\u2026<br \/>\nF\u00e4ngt gut an. Ja Jungs\u2026<br \/>\nH\u00f6rt euch nochmal an was sie heute so gesagt hat.<\/p>\n<p>### Bem\u00fcht euch NICHT, nicht wenn ich es nicht will ###<br \/>\nZahmet edip arama\u2026<br \/>\nSorma\u2026<br \/>\nBen istemedikten sonra.<\/p>\n<p>\ud83d\ude09<\/p>\n","protected":false},"excerpt":{"rendered":"<p>Ihr WERDET&#8230; DAS&#8230; Schw\u00f6re ich UND ich habe noch nicht einmal DIE Frage gestellt &#8222;Claudia Plattner feierlich im Amt begr\u00fc\u00dft \u201eWeniger sagen, wie es nicht geht\u201c https:\/\/www.bsi.bund.de\/DE\/Service-Navi\/Presse\/Pressemitteilungen\/Presse2023\/230717_Claudia-Plattner-Amtseinfuehrung.html HEUTE&#8230; \u2026 GOTT m\u00f6ge MITLEID HABEN mit dir Deutschland\u2026 Mehr will\u2026 Und MUSS ich auch nicht sagen. Ich M\u00dcSSTE mich sehr\u2026 WIRKLICH SEHR t\u00e4uschen. Wir werden sehen\u2026 Bis &hellip; <\/p>\n<p class=\"link-more\"><a href=\"http:\/\/wordpress.gurbuz.net\/?p=154785\" class=\"more-link\"><span class=\"screen-reader-text\">\u201eKI ja KI\u201c<\/span> weiterlesen<\/a><\/p>\n","protected":false},"author":1,"featured_media":0,"comment_status":"open","ping_status":"open","sticky":false,"template":"","format":"standard","meta":[],"categories":[1],"tags":[],"_links":{"self":[{"href":"http:\/\/wordpress.gurbuz.net\/index.php?rest_route=\/wp\/v2\/posts\/154785"}],"collection":[{"href":"http:\/\/wordpress.gurbuz.net\/index.php?rest_route=\/wp\/v2\/posts"}],"about":[{"href":"http:\/\/wordpress.gurbuz.net\/index.php?rest_route=\/wp\/v2\/types\/post"}],"author":[{"embeddable":true,"href":"http:\/\/wordpress.gurbuz.net\/index.php?rest_route=\/wp\/v2\/users\/1"}],"replies":[{"embeddable":true,"href":"http:\/\/wordpress.gurbuz.net\/index.php?rest_route=%2Fwp%2Fv2%2Fcomments&post=154785"}],"version-history":[{"count":7,"href":"http:\/\/wordpress.gurbuz.net\/index.php?rest_route=\/wp\/v2\/posts\/154785\/revisions"}],"predecessor-version":[{"id":154792,"href":"http:\/\/wordpress.gurbuz.net\/index.php?rest_route=\/wp\/v2\/posts\/154785\/revisions\/154792"}],"wp:attachment":[{"href":"http:\/\/wordpress.gurbuz.net\/index.php?rest_route=%2Fwp%2Fv2%2Fmedia&parent=154785"}],"wp:term":[{"taxonomy":"category","embeddable":true,"href":"http:\/\/wordpress.gurbuz.net\/index.php?rest_route=%2Fwp%2Fv2%2Fcategories&post=154785"},{"taxonomy":"post_tag","embeddable":true,"href":"http:\/\/wordpress.gurbuz.net\/index.php?rest_route=%2Fwp%2Fv2%2Ftags&post=154785"}],"curies":[{"name":"wp","href":"https:\/\/api.w.org\/{rel}","templated":true}]}}