{"id":153326,"date":"2023-11-09T12:48:30","date_gmt":"2023-11-09T12:48:30","guid":{"rendered":"http:\/\/wordpress.gurbuz.net\/?p=153326"},"modified":"2023-11-09T13:08:09","modified_gmt":"2023-11-09T13:08:09","slug":"worte-die-bei-uns-zu-psycho-sozialen-reaktionen-fuehren-die-medien-die-politiker-angriffskrieg-ueberfall","status":"publish","type":"post","link":"http:\/\/wordpress.gurbuz.net\/?p=153326","title":{"rendered":"WORTE die bei uns zu Psycho \u2013 Sozialen Reaktionen f\u00fchren, DIE Medien, DIE Politiker. Angriffskrieg, \u00dcberfall"},"content":{"rendered":"<p>Brutal!!!<\/p>\n<p>Ja tut es fickt sie\u2026<br \/>\nDie &#8230;<br \/>\nAber so richtig NUR rechnet nicht mit mir\u2026<br \/>\nKann sein\u2026<br \/>\nDas ich dazwischen geh.<\/p>\n<blockquote class=\"wp-embedded-content\" data-secret=\"RzylmQ9x5I\"><p><a href=\"http:\/\/wordpress.gurbuz.net\/?p=127217\">Made by Nature<\/a><\/p><\/blockquote>\n<p><iframe class=\"wp-embedded-content\" sandbox=\"allow-scripts\" security=\"restricted\" style=\"position: absolute; clip: rect(1px, 1px, 1px, 1px);\" title=\"&#8222;Made by Nature&#8220; &#8212; \u00d6nder G\u00fcrb\u00fcz\" src=\"http:\/\/wordpress.gurbuz.net\/?p=127217&#038;embed=true#?secret=RzylmQ9x5I\" data-secret=\"RzylmQ9x5I\" width=\"525\" height=\"296\" frameborder=\"0\" marginwidth=\"0\" marginheight=\"0\" scrolling=\"no\"><\/iframe><\/p>\n<p>Du WILLST das ich unbedingt \u00fcber die Wirtschaft schreibe&#8230;<br \/>\nNa gut&#8230;<br \/>\nGestern\u2026<br \/>\nFrag nicht wo, meine es war die Welt\u2026<br \/>\nKann aber auch ntv sein, habe nicht drauf geachtet AUF\u2026<br \/>\nZeit und Namen.<\/p>\n<p>Vielleicht haben sie es ja gestern mitbekommen\u2026<br \/>\nDIE Wirtschafts\u201cweisen\u201c und der Kanzler\u2026<br \/>\nEine war im Interview\u2026<br \/>\nGottttttttttttttttttttttttttttt<br \/>\nWAR NUR noch sprachlos.<\/p>\n<p>Ja eine Frau, tut nix zur Sache\u2026<br \/>\nBrauche keine \u201ewirtschaftsweisen\u201c um zu sehen was ich sehen\u2026<br \/>\nMUSS. M\u00e4nnlein oder Weiblein IST\u2026<br \/>\nEgal.<\/p>\n<p>Sie\u2026<br \/>\nBla, bla\u2026<br \/>\nBLA aberrr DANN\u2026<br \/>\nDigitalisierung!<\/p>\n<p>BUMM<\/p>\n<p><iframe loading=\"lazy\" title=\"Klaus Lage - 1000 und eine Nacht 1984\" width=\"525\" height=\"295\" src=\"https:\/\/www.youtube.com\/embed\/BPmmMU0COAM?feature=oembed\" frameborder=\"0\" allow=\"accelerometer; autoplay; clipboard-write; encrypted-media; gyroscope; picture-in-picture; web-share\" allowfullscreen><\/iframe><\/p>\n<p>Schuster bleib bei deinen Leisten\u2026<br \/>\nIn Dingen von denen du entweder was versteht ODER auch nicht\u2026<br \/>\nWenn ich mir ihre vorherigen Prognosen in Erinnerung rufe\u2026<br \/>\nDann\u2026<br \/>\nEher nicht, nicht einmal in dem wo sie \u201eWeise\u201c sein sollen.<\/p>\n<p>Liebe Leser\u2026<br \/>\nWir ben\u00f6tigen <strong>eine rechtssichere\u2026<br \/>\nEindeutige Definition<\/strong> des begriffs der Digitalisierung\u2026<br \/>\n\u2026<br \/>\n\u2026<br \/>\n\u2026<br \/>\nWenn NICHT machen sie sich auf was gefasst\u2026<br \/>\nIST\u2026<br \/>\nWie mit der KI  <\/p>\n<p>Der Staat SOLL mit der Digitalisierung vorangehen\u2026<br \/>\nGutttttt\u2026<br \/>\nUnd WER sorgt f\u00fcr die Sicherheit DER digitalisierten DATEN?<\/p>\n<p>Sage NUR A. Merkel\u2026<br \/>\nUnd AMerika\u2026<br \/>\nJungs\u2026<br \/>\nIhr werdet euch doch SICHER erinnern\u2026<br \/>\nOder!?<\/p>\n<p>Ahhhhhhhhhhhhhhhhh\u2026<br \/>\nPerlen vor die S\u00e4ue, halt die Klappe \u00d6nder\u2026<br \/>\nEs sollte dich NICHTS angehen.<\/p>\n","protected":false},"excerpt":{"rendered":"<p>Brutal!!! Ja tut es fickt sie\u2026 Die &#8230; Aber so richtig NUR rechnet nicht mit mir\u2026 Kann sein\u2026 Das ich dazwischen geh. Made by Nature Du WILLST das ich unbedingt \u00fcber die Wirtschaft schreibe&#8230; Na gut&#8230; Gestern\u2026 Frag nicht wo, meine es war die Welt\u2026 Kann aber auch ntv sein, habe nicht drauf geachtet AUF\u2026 &hellip; <\/p>\n<p class=\"link-more\"><a href=\"http:\/\/wordpress.gurbuz.net\/?p=153326\" class=\"more-link\"><span class=\"screen-reader-text\">\u201eWORTE die bei uns zu Psycho \u2013 Sozialen Reaktionen f\u00fchren, DIE Medien, DIE Politiker. Angriffskrieg, \u00dcberfall\u201c<\/span> weiterlesen<\/a><\/p>\n","protected":false},"author":1,"featured_media":0,"comment_status":"open","ping_status":"open","sticky":false,"template":"","format":"standard","meta":[],"categories":[1],"tags":[],"_links":{"self":[{"href":"http:\/\/wordpress.gurbuz.net\/index.php?rest_route=\/wp\/v2\/posts\/153326"}],"collection":[{"href":"http:\/\/wordpress.gurbuz.net\/index.php?rest_route=\/wp\/v2\/posts"}],"about":[{"href":"http:\/\/wordpress.gurbuz.net\/index.php?rest_route=\/wp\/v2\/types\/post"}],"author":[{"embeddable":true,"href":"http:\/\/wordpress.gurbuz.net\/index.php?rest_route=\/wp\/v2\/users\/1"}],"replies":[{"embeddable":true,"href":"http:\/\/wordpress.gurbuz.net\/index.php?rest_route=%2Fwp%2Fv2%2Fcomments&post=153326"}],"version-history":[{"count":7,"href":"http:\/\/wordpress.gurbuz.net\/index.php?rest_route=\/wp\/v2\/posts\/153326\/revisions"}],"predecessor-version":[{"id":153333,"href":"http:\/\/wordpress.gurbuz.net\/index.php?rest_route=\/wp\/v2\/posts\/153326\/revisions\/153333"}],"wp:attachment":[{"href":"http:\/\/wordpress.gurbuz.net\/index.php?rest_route=%2Fwp%2Fv2%2Fmedia&parent=153326"}],"wp:term":[{"taxonomy":"category","embeddable":true,"href":"http:\/\/wordpress.gurbuz.net\/index.php?rest_route=%2Fwp%2Fv2%2Fcategories&post=153326"},{"taxonomy":"post_tag","embeddable":true,"href":"http:\/\/wordpress.gurbuz.net\/index.php?rest_route=%2Fwp%2Fv2%2Ftags&post=153326"}],"curies":[{"name":"wp","href":"https:\/\/api.w.org\/{rel}","templated":true}]}}