{"id":152309,"date":"2023-10-31T06:05:56","date_gmt":"2023-10-31T06:05:56","guid":{"rendered":"http:\/\/wordpress.gurbuz.net\/?p=152309"},"modified":"2023-10-31T06:35:31","modified_gmt":"2023-10-31T06:35:31","slug":"die-un-judenstern","status":"publish","type":"post","link":"http:\/\/wordpress.gurbuz.net\/?p=152309","title":{"rendered":"Die UN, Judenstern(!)"},"content":{"rendered":"<p>Macht weiter,<br \/>\nIch WERDE auch&#8230;<br \/>\nSie w\u00fcrden sie tragen wollen BIS DIE UN\u2026<br \/>\nHeyyyyyyyyyyyyyyyy\u2026<br \/>\nEs reicht!<\/p>\n<p>Liebe Leser,<br \/>\nDAS ALLES ist, kann keine L\u00f6sung sein.<\/p>\n<p>Symbole\u2026<br \/>\nJaaa Rituale\u2026<br \/>\nSie k\u00f6nnen sich nicht einmal vorstellen wie wichtig sie in unserem Leben sind\u2026<br \/>\nJa\u2026<br \/>\nF\u00fcr DIE Menschheit.<\/p>\n<p>Wir SIND Menschen\u2026<br \/>\nWIR\u2026<br \/>\nF\u00fchlen menschlichen Schmerz\u2026<br \/>\nEmpathie\u2026<br \/>\nNur wenige von uns sind \u201efrei\u201c von dieser\u2026<br \/>\nWill sagen Gottesgabe\u2026<br \/>\nDie Welt IST mehr dimensional\u2026<br \/>\nAuch eine M\u00fcnze hat zwei Seiten. Heut Morgen wieder in den Nachrichten\u2026<br \/>\nGlauben sie ich geh\u00f6re zu diesen \u201ebefreiten\u201c<br \/>\nKann nicht SEHEN f\u00fchle NICHT den Schmerz\u2026<br \/>\nF\u00fcr BEIDE?<\/p>\n<p>Ja\u2026<br \/>\nEs GIBT die Zeit f\u00fcr einen bewaffneten Kampf\u2026<br \/>\nAber auch die Zeit\u2026<br \/>\nSich an einen Tisch zu setzen.<\/p>\n<p><strong>Wir M\u00dcSSEN uns mit den Kibbuzen besch\u00e4ftigen\u2026<br \/>\nMit DER Demographie*\u2026<br \/>\nHabe EXTREME bedenken!<\/strong><\/p>\n<p><img loading=\"lazy\" class=\"\" src=\"https:\/\/upload.wikimedia.org\/wikipedia\/commons\/thumb\/8\/86\/Mossad_seal.svg\/1200px-Mossad_seal.svg.png\" alt=\"\" width=\"232\" height=\"232\" \/><\/p>\n<p>Zwingt mich NICHT&#8230;<br \/>\nJa DER Mossad&#8230;<br \/>\nDAS \u201eSpiel\u201c mit der Demographie\u2026<br \/>\nSeit ENDE 19. Jahrhundert\u2026<br \/>\nDas 20.<\/p>\n<p>Bringt mich NICHT aus der Fassung&#8230;<br \/>\nKollektiver Westen mit eueren \u201eWerten\u201c<br \/>\nWeil\u2026<br \/>\nWenn ich (\u2026) DANN WIRD DAS\u2026<br \/>\nFolgen f\u00fcr euch haben.<\/p>\n<p>* &#8222;Das Wort &#8222;Demografie&#8220; stammt aus dem Griechischen und bedeutet &#8222;Bev\u00f6lkerungswissenschaft&#8220;. Das ist die Lehre \u00fcber den Zustand und die Entwicklung einer Bev\u00f6lkerung. Mit &#8222;Bev\u00f6lkerung&#8220; bezeichnet man alle Einwohnerinnen und Einwohner eines bestimmten Gebietes, zum Beispiel einer Stadt, eines Landes oder eines Kontinents.&#8220;<\/p>\n<blockquote class=\"wp-embedded-content\" data-secret=\"Kxb7Mg1Ssj\"><p><a href=\"http:\/\/wordpress.gurbuz.net\/?p=118648\">Man WIRD aber es WIRD zu sp\u00e4t sein<\/a><\/p><\/blockquote>\n<p><iframe class=\"wp-embedded-content\" sandbox=\"allow-scripts\" security=\"restricted\" style=\"position: absolute; clip: rect(1px, 1px, 1px, 1px);\" title=\"&#8222;Man WIRD aber es WIRD zu sp\u00e4t sein&#8220; &#8212; \u00d6nder G\u00fcrb\u00fcz\" src=\"http:\/\/wordpress.gurbuz.net\/?p=118648&#038;embed=true#?secret=Kxb7Mg1Ssj\" data-secret=\"Kxb7Mg1Ssj\" width=\"525\" height=\"296\" frameborder=\"0\" marginwidth=\"0\" marginheight=\"0\" scrolling=\"no\"><\/iframe><\/p>\n<p>Richtig, danke<\/p>\n<p>Die HAMAS\u2026<br \/>\nJaaa\u2026<br \/>\nDIE PKK usw. ist nicht aus dem nichts\u2026<br \/>\nEntstanden.<\/p>\n<p>Wir K\u00d6NNEN\u2026<br \/>\nWIR M\u00dcSSEN!<\/p>\n<p>*<\/p>\n<p>Kalbim<\/p>\n","protected":false},"excerpt":{"rendered":"<p>Macht weiter, Ich WERDE auch&#8230; Sie w\u00fcrden sie tragen wollen BIS DIE UN\u2026 Heyyyyyyyyyyyyyyyy\u2026 Es reicht! Liebe Leser, DAS ALLES ist, kann keine L\u00f6sung sein. Symbole\u2026 Jaaa Rituale\u2026 Sie k\u00f6nnen sich nicht einmal vorstellen wie wichtig sie in unserem Leben sind\u2026 Ja\u2026 F\u00fcr DIE Menschheit. Wir SIND Menschen\u2026 WIR\u2026 F\u00fchlen menschlichen Schmerz\u2026 Empathie\u2026 Nur wenige &hellip; <\/p>\n<p class=\"link-more\"><a href=\"http:\/\/wordpress.gurbuz.net\/?p=152309\" class=\"more-link\"><span class=\"screen-reader-text\">\u201eDie UN, Judenstern(!)\u201c<\/span> weiterlesen<\/a><\/p>\n","protected":false},"author":1,"featured_media":0,"comment_status":"open","ping_status":"open","sticky":false,"template":"","format":"standard","meta":[],"categories":[1],"tags":[],"_links":{"self":[{"href":"http:\/\/wordpress.gurbuz.net\/index.php?rest_route=\/wp\/v2\/posts\/152309"}],"collection":[{"href":"http:\/\/wordpress.gurbuz.net\/index.php?rest_route=\/wp\/v2\/posts"}],"about":[{"href":"http:\/\/wordpress.gurbuz.net\/index.php?rest_route=\/wp\/v2\/types\/post"}],"author":[{"embeddable":true,"href":"http:\/\/wordpress.gurbuz.net\/index.php?rest_route=\/wp\/v2\/users\/1"}],"replies":[{"embeddable":true,"href":"http:\/\/wordpress.gurbuz.net\/index.php?rest_route=%2Fwp%2Fv2%2Fcomments&post=152309"}],"version-history":[{"count":12,"href":"http:\/\/wordpress.gurbuz.net\/index.php?rest_route=\/wp\/v2\/posts\/152309\/revisions"}],"predecessor-version":[{"id":152321,"href":"http:\/\/wordpress.gurbuz.net\/index.php?rest_route=\/wp\/v2\/posts\/152309\/revisions\/152321"}],"wp:attachment":[{"href":"http:\/\/wordpress.gurbuz.net\/index.php?rest_route=%2Fwp%2Fv2%2Fmedia&parent=152309"}],"wp:term":[{"taxonomy":"category","embeddable":true,"href":"http:\/\/wordpress.gurbuz.net\/index.php?rest_route=%2Fwp%2Fv2%2Fcategories&post=152309"},{"taxonomy":"post_tag","embeddable":true,"href":"http:\/\/wordpress.gurbuz.net\/index.php?rest_route=%2Fwp%2Fv2%2Ftags&post=152309"}],"curies":[{"name":"wp","href":"https:\/\/api.w.org\/{rel}","templated":true}]}}