{"id":15203,"date":"2018-11-20T14:13:57","date_gmt":"2018-11-20T14:13:57","guid":{"rendered":"http:\/\/wordpress.gurbuz.net\/?p=15203"},"modified":"2018-11-20T14:13:57","modified_gmt":"2018-11-20T14:13:57","slug":"duenyadan-oernek-dolu-oernek","status":"publish","type":"post","link":"http:\/\/wordpress.gurbuz.net\/?p=15203","title":{"rendered":"D\u00fcnyadan \u00f6rnek dolu \u00f6rnek"},"content":{"rendered":"<p>\u0130stifa mekanizmas\u0131\u2026<br \/>\nBunu da anlatm\u0131\u015f\u0131md\u0131r karde\u015fim defalarca anlatm\u0131\u015f\u0131md\u0131r\u2026<br \/>\nEn son \u00d6rnek: \u0130ngiltere\u2026<br \/>\nBakanlar, milletvekilleri, yanl\u0131\u015f yapan al\u0131yor ceketini gidiyor\u2026<br \/>\nVEYA\u2026<br \/>\nY\u00f6netimle, al\u0131nan kararlar vicdani ile, inan\u00e7lar\u0131 ile ba\u011fda\u015fm\u0131yorsa\u2026<br \/>\nBas\u0131yor istifay\u0131!<\/p>\n<p>Ya bizde?<br \/>\nBizde para var ucunda, milletmi\u015f, milli iradeymi\u015f\u2026<br \/>\nVatanm\u0131\u015f\u2026<br \/>\nKimin umurunda?<\/p>\n<p>Varsa yoksa cepleri\u2026<br \/>\nHat\u0131rla O kad\u0131n\u0131\u2026<br \/>\nBak Y-CHP\u2019ye, bak Milli Hezeyan Partisine\u2026<br \/>\nS\u00f6zde delegelere, neyin kimin delegesi karde\u015fim\u2026<br \/>\nKimin, neyin?<br \/>\n\u0130zle Ak\u00e7e kazanma \/ kaz\u0131klama Partisini\u2026<br \/>\nBen sana daha ne anlatabilir ne diyebilirim ki?<\/p>\n","protected":false},"excerpt":{"rendered":"<p>\u0130stifa mekanizmas\u0131\u2026 Bunu da anlatm\u0131\u015f\u0131md\u0131r karde\u015fim defalarca anlatm\u0131\u015f\u0131md\u0131r\u2026 En son \u00d6rnek: \u0130ngiltere\u2026 Bakanlar, milletvekilleri, yanl\u0131\u015f yapan al\u0131yor ceketini gidiyor\u2026 VEYA\u2026 Y\u00f6netimle, al\u0131nan kararlar vicdani ile, inan\u00e7lar\u0131 ile ba\u011fda\u015fm\u0131yorsa\u2026 Bas\u0131yor istifay\u0131! Ya bizde? Bizde para var ucunda, milletmi\u015f, milli iradeymi\u015f\u2026 Vatanm\u0131\u015f\u2026 Kimin umurunda? Varsa yoksa cepleri\u2026 Hat\u0131rla O kad\u0131n\u0131\u2026 Bak Y-CHP\u2019ye, bak Milli Hezeyan Partisine\u2026 S\u00f6zde &hellip; <\/p>\n<p class=\"link-more\"><a href=\"http:\/\/wordpress.gurbuz.net\/?p=15203\" class=\"more-link\"><span class=\"screen-reader-text\">\u201eD\u00fcnyadan \u00f6rnek dolu \u00f6rnek\u201c<\/span> weiterlesen<\/a><\/p>\n","protected":false},"author":1,"featured_media":0,"comment_status":"open","ping_status":"open","sticky":false,"template":"","format":"standard","meta":[],"categories":[1],"tags":[],"_links":{"self":[{"href":"http:\/\/wordpress.gurbuz.net\/index.php?rest_route=\/wp\/v2\/posts\/15203"}],"collection":[{"href":"http:\/\/wordpress.gurbuz.net\/index.php?rest_route=\/wp\/v2\/posts"}],"about":[{"href":"http:\/\/wordpress.gurbuz.net\/index.php?rest_route=\/wp\/v2\/types\/post"}],"author":[{"embeddable":true,"href":"http:\/\/wordpress.gurbuz.net\/index.php?rest_route=\/wp\/v2\/users\/1"}],"replies":[{"embeddable":true,"href":"http:\/\/wordpress.gurbuz.net\/index.php?rest_route=%2Fwp%2Fv2%2Fcomments&post=15203"}],"version-history":[{"count":1,"href":"http:\/\/wordpress.gurbuz.net\/index.php?rest_route=\/wp\/v2\/posts\/15203\/revisions"}],"predecessor-version":[{"id":15204,"href":"http:\/\/wordpress.gurbuz.net\/index.php?rest_route=\/wp\/v2\/posts\/15203\/revisions\/15204"}],"wp:attachment":[{"href":"http:\/\/wordpress.gurbuz.net\/index.php?rest_route=%2Fwp%2Fv2%2Fmedia&parent=15203"}],"wp:term":[{"taxonomy":"category","embeddable":true,"href":"http:\/\/wordpress.gurbuz.net\/index.php?rest_route=%2Fwp%2Fv2%2Fcategories&post=15203"},{"taxonomy":"post_tag","embeddable":true,"href":"http:\/\/wordpress.gurbuz.net\/index.php?rest_route=%2Fwp%2Fv2%2Ftags&post=15203"}],"curies":[{"name":"wp","href":"https:\/\/api.w.org\/{rel}","templated":true}]}}