{"id":148141,"date":"2023-09-19T11:51:16","date_gmt":"2023-09-19T11:51:16","guid":{"rendered":"http:\/\/wordpress.gurbuz.net\/?p=148141"},"modified":"2023-09-19T11:53:08","modified_gmt":"2023-09-19T11:53:08","slug":"sie-zeiht-nicht-sie-wird-gezwungen-zuuu-ziehen","status":"publish","type":"post","link":"http:\/\/wordpress.gurbuz.net\/?p=148141","title":{"rendered":"Sie zieht NICHT sie WIRD gezwungen zuuu ZIEHEN"},"content":{"rendered":"<blockquote class=\"wp-embedded-content\" data-secret=\"jVpPxvEQMj\"><p><a href=\"http:\/\/wordpress.gurbuz.net\/?p=119994\">\u00c7ok fena, \u00e7ok fena. Ne yapaca\u011f\u0131m\u0131 bilemiyorum, \u00fcst \u00fcste bu normal de\u011fil. \u00c7ok feci a\u011fr\u0131lar, s\u0131rt\u0131m, kalbim<\/a><\/p><\/blockquote>\n<p><iframe class=\"wp-embedded-content\" sandbox=\"allow-scripts\" security=\"restricted\" style=\"position: absolute; clip: rect(1px, 1px, 1px, 1px);\" title=\"&#8222;\u00c7ok fena, \u00e7ok fena. Ne yapaca\u011f\u0131m\u0131 bilemiyorum, \u00fcst \u00fcste bu normal de\u011fil. \u00c7ok feci a\u011fr\u0131lar, s\u0131rt\u0131m, kalbim&#8220; &#8212; \u00d6nder G\u00fcrb\u00fcz\" src=\"http:\/\/wordpress.gurbuz.net\/?p=119994&#038;embed=true#?secret=jVpPxvEQMj\" data-secret=\"jVpPxvEQMj\" width=\"525\" height=\"296\" frameborder=\"0\" marginwidth=\"0\" marginheight=\"0\" scrolling=\"no\"><\/iframe><\/p>\n<p>Der Bundeskanzler&#8230;<br \/>\nIch hatte auch hier.<\/p>\n<p>Auch wenn ich gelegentlich&#8230;<br \/>\nWeil&#8230;<br \/>\nDeutschland HAT eine andere Postion&#8230;<br \/>\nIn der Welt, VORALLEM ist sie ABER&#8230;<br \/>\nChristlich(!)<\/p>\n<p>Was das jetzt soll?<br \/>\nChristlich und so, ICH WERDE&#8230;<br \/>\nAber nicht jetzt und heute.<\/p>\n<p>Thomas J\u00e4ger&#8230;<br \/>\nEin Akademiker seine Ansichten und&#8230;<br \/>\nBewertungen sch\u00e4tze ich sehr<\/p>\n","protected":false},"excerpt":{"rendered":"<p>\u00c7ok fena, \u00e7ok fena. Ne yapaca\u011f\u0131m\u0131 bilemiyorum, \u00fcst \u00fcste bu normal de\u011fil. \u00c7ok feci a\u011fr\u0131lar, s\u0131rt\u0131m, kalbim Der Bundeskanzler&#8230; Ich hatte auch hier. Auch wenn ich gelegentlich&#8230; Weil&#8230; Deutschland HAT eine andere Postion&#8230; In der Welt, VORALLEM ist sie ABER&#8230; Christlich(!) Was das jetzt soll? Christlich und so, ICH WERDE&#8230; Aber nicht jetzt und heute. &hellip; <\/p>\n<p class=\"link-more\"><a href=\"http:\/\/wordpress.gurbuz.net\/?p=148141\" class=\"more-link\"><span class=\"screen-reader-text\">\u201eSie zieht NICHT sie WIRD gezwungen zuuu ZIEHEN\u201c<\/span> weiterlesen<\/a><\/p>\n","protected":false},"author":1,"featured_media":0,"comment_status":"open","ping_status":"open","sticky":false,"template":"","format":"standard","meta":[],"categories":[1],"tags":[],"_links":{"self":[{"href":"http:\/\/wordpress.gurbuz.net\/index.php?rest_route=\/wp\/v2\/posts\/148141"}],"collection":[{"href":"http:\/\/wordpress.gurbuz.net\/index.php?rest_route=\/wp\/v2\/posts"}],"about":[{"href":"http:\/\/wordpress.gurbuz.net\/index.php?rest_route=\/wp\/v2\/types\/post"}],"author":[{"embeddable":true,"href":"http:\/\/wordpress.gurbuz.net\/index.php?rest_route=\/wp\/v2\/users\/1"}],"replies":[{"embeddable":true,"href":"http:\/\/wordpress.gurbuz.net\/index.php?rest_route=%2Fwp%2Fv2%2Fcomments&post=148141"}],"version-history":[{"count":3,"href":"http:\/\/wordpress.gurbuz.net\/index.php?rest_route=\/wp\/v2\/posts\/148141\/revisions"}],"predecessor-version":[{"id":148144,"href":"http:\/\/wordpress.gurbuz.net\/index.php?rest_route=\/wp\/v2\/posts\/148141\/revisions\/148144"}],"wp:attachment":[{"href":"http:\/\/wordpress.gurbuz.net\/index.php?rest_route=%2Fwp%2Fv2%2Fmedia&parent=148141"}],"wp:term":[{"taxonomy":"category","embeddable":true,"href":"http:\/\/wordpress.gurbuz.net\/index.php?rest_route=%2Fwp%2Fv2%2Fcategories&post=148141"},{"taxonomy":"post_tag","embeddable":true,"href":"http:\/\/wordpress.gurbuz.net\/index.php?rest_route=%2Fwp%2Fv2%2Ftags&post=148141"}],"curies":[{"name":"wp","href":"https:\/\/api.w.org\/{rel}","templated":true}]}}