{"id":142943,"date":"2023-08-07T11:15:23","date_gmt":"2023-08-07T11:15:23","guid":{"rendered":"http:\/\/wordpress.gurbuz.net\/?p=142943"},"modified":"2023-08-07T11:15:59","modified_gmt":"2023-08-07T11:15:59","slug":"ich-werde-es-euch-noch-zeigen","status":"publish","type":"post","link":"http:\/\/wordpress.gurbuz.net\/?p=142943","title":{"rendered":"Ich WERDE es euch NOCH zeigen"},"content":{"rendered":"<p><img src=\"https:\/\/img-s-msn-com.akamaized.net\/tenant\/amp\/entityid\/AA1eR358.img?w=768&amp;h=367&amp;m=6&amp;x=200&amp;y=96&amp;s=107&amp;d=107\" alt=\"\" \/><\/p>\n<p>S. Oliver die Fahne&#8230;<br \/>\nUnd den Tayyip&#8230;<br \/>\nNoch&#8230;<br \/>\nGibt es mich!<\/p>\n<p>&#8222;WELT<br \/>\n\u201eKein kultureller Rabatt\u201c \u2013 Jetzt werden Rufe nach Verbot der \u201eGrauen W\u00f6lfe\u201c lauter<br \/>\nArtikel von Kristian Frigelj \u2022<br \/>\n1 Tag(e)<\/p>\n<p>\u201eDringender Handlungsbedarf\u201c: \u00dcber Parteigrenzen hinweg w\u00e4chst der Druck auf die Bundesregierung, die als rechtsextremistisch eingestufte t\u00fcrkische \u201e\u00dclk\u00fcc\u00fc\u201c-Bewegung zu verbieten. Es herrscht Sorge, dass Gesellschaft und Politik hierzulande gezielt beeinflusst werden sollen.&#8220;<\/p>\n<p>https:\/\/www.msn.com\/de-de\/nachrichten\/politik\/kein-kultureller-rabatt-jetzt-werden-rufe-nach-verbot-der-grauen-w%C3%B6lfe-lauter\/ar-AA1eReTI?ocid=msedgntp&#038;cvid=171a4e717d4e438eb9ab259e8de9450e&#038;ei=12<\/p>\n","protected":false},"excerpt":{"rendered":"<p>S. Oliver die Fahne&#8230; Und den Tayyip&#8230; Noch&#8230; Gibt es mich! &#8222;WELT \u201eKein kultureller Rabatt\u201c \u2013 Jetzt werden Rufe nach Verbot der \u201eGrauen W\u00f6lfe\u201c lauter Artikel von Kristian Frigelj \u2022 1 Tag(e) \u201eDringender Handlungsbedarf\u201c: \u00dcber Parteigrenzen hinweg w\u00e4chst der Druck auf die Bundesregierung, die als rechtsextremistisch eingestufte t\u00fcrkische \u201e\u00dclk\u00fcc\u00fc\u201c-Bewegung zu verbieten. Es herrscht Sorge, dass &hellip; <\/p>\n<p class=\"link-more\"><a href=\"http:\/\/wordpress.gurbuz.net\/?p=142943\" class=\"more-link\"><span class=\"screen-reader-text\">\u201eIch WERDE es euch NOCH zeigen\u201c<\/span> weiterlesen<\/a><\/p>\n","protected":false},"author":1,"featured_media":0,"comment_status":"open","ping_status":"open","sticky":false,"template":"","format":"standard","meta":[],"categories":[1],"tags":[],"_links":{"self":[{"href":"http:\/\/wordpress.gurbuz.net\/index.php?rest_route=\/wp\/v2\/posts\/142943"}],"collection":[{"href":"http:\/\/wordpress.gurbuz.net\/index.php?rest_route=\/wp\/v2\/posts"}],"about":[{"href":"http:\/\/wordpress.gurbuz.net\/index.php?rest_route=\/wp\/v2\/types\/post"}],"author":[{"embeddable":true,"href":"http:\/\/wordpress.gurbuz.net\/index.php?rest_route=\/wp\/v2\/users\/1"}],"replies":[{"embeddable":true,"href":"http:\/\/wordpress.gurbuz.net\/index.php?rest_route=%2Fwp%2Fv2%2Fcomments&post=142943"}],"version-history":[{"count":2,"href":"http:\/\/wordpress.gurbuz.net\/index.php?rest_route=\/wp\/v2\/posts\/142943\/revisions"}],"predecessor-version":[{"id":142945,"href":"http:\/\/wordpress.gurbuz.net\/index.php?rest_route=\/wp\/v2\/posts\/142943\/revisions\/142945"}],"wp:attachment":[{"href":"http:\/\/wordpress.gurbuz.net\/index.php?rest_route=%2Fwp%2Fv2%2Fmedia&parent=142943"}],"wp:term":[{"taxonomy":"category","embeddable":true,"href":"http:\/\/wordpress.gurbuz.net\/index.php?rest_route=%2Fwp%2Fv2%2Fcategories&post=142943"},{"taxonomy":"post_tag","embeddable":true,"href":"http:\/\/wordpress.gurbuz.net\/index.php?rest_route=%2Fwp%2Fv2%2Ftags&post=142943"}],"curies":[{"name":"wp","href":"https:\/\/api.w.org\/{rel}","templated":true}]}}