{"id":132252,"date":"2023-05-14T15:26:40","date_gmt":"2023-05-14T15:26:40","guid":{"rendered":"http:\/\/wordpress.gurbuz.net\/?p=132252"},"modified":"2023-05-14T15:43:52","modified_gmt":"2023-05-14T15:43:52","slug":"unddd-in-den-deutschen-nachrichten-was-wenn-die-anderen-gewinnen","status":"publish","type":"post","link":"http:\/\/wordpress.gurbuz.net\/?p=132252","title":{"rendered":"Unddd in den deutschen Nachrichten &#8222;Was wenn die anderen gewinnen?&#8220;"},"content":{"rendered":"<p>Die Fl\u00fcchtlinge!<\/p>\n<p>Leute,<br \/>\nAugenh\u00f6he, Fairness&#8230;<br \/>\nMensch&#8230;<br \/>\nKann fast alle Probleme l\u00f6sen&#8230;<br \/>\nGEMEINSAM! <\/p>\n<p>*<\/p>\n<p>&#8222;T\u00fcrkei-Wahl: Wahllokale geschlossen &#8211; Verdacht von Wahlf\u00e4lschung<br \/>\nArtikel von Bedrettin B\u00f6l\u00fckbasi \u2022 <ins datetime=\"2023-05-14T15:28:05+00:00\">Vor 22 Min<\/ins>.&#8220;<\/p>\n<p>https:\/\/www.msn.com\/de-de\/nachrichten\/politik\/t%C3%BCrkei-wahl-erdogan-siegessicher-ausw%C3%A4rtiges-amt-spricht-warnung-aus\/ar-AA1ba2vI?ocid=msedgntp&#038;cvid=4256aaf6fe29494ba3e142fb0fc2789d&#038;ei=45<\/p>\n<p>*<\/p>\n<p>&#8222;RP ONLINE<br \/>\nErdogan \u00fcberraschend nach Ankara geflogen<br \/>\nArtikel von RP ONLINE \u2022 Vor 1 Std.&#8220;<\/p>\n<p>https:\/\/www.msn.com\/de-de\/nachrichten\/politik\/erdogan-%C3%BCberraschend-nach-ankara-geflogen\/ar-AA1ahelY?ocid=msedgntp&#038;cvid=41cace4ff24e4a2f8ffedcbd2755b48d&#038;ei=30<\/p>\n","protected":false},"excerpt":{"rendered":"<p>Die Fl\u00fcchtlinge! Leute, Augenh\u00f6he, Fairness&#8230; Mensch&#8230; Kann fast alle Probleme l\u00f6sen&#8230; GEMEINSAM! * &#8222;T\u00fcrkei-Wahl: Wahllokale geschlossen &#8211; Verdacht von Wahlf\u00e4lschung Artikel von Bedrettin B\u00f6l\u00fckbasi \u2022 Vor 22 Min.&#8220; https:\/\/www.msn.com\/de-de\/nachrichten\/politik\/t%C3%BCrkei-wahl-erdogan-siegessicher-ausw%C3%A4rtiges-amt-spricht-warnung-aus\/ar-AA1ba2vI?ocid=msedgntp&#038;cvid=4256aaf6fe29494ba3e142fb0fc2789d&#038;ei=45 * &#8222;RP ONLINE Erdogan \u00fcberraschend nach Ankara geflogen Artikel von RP ONLINE \u2022 Vor 1 Std.&#8220; https:\/\/www.msn.com\/de-de\/nachrichten\/politik\/erdogan-%C3%BCberraschend-nach-ankara-geflogen\/ar-AA1ahelY?ocid=msedgntp&#038;cvid=41cace4ff24e4a2f8ffedcbd2755b48d&#038;ei=30<\/p>\n","protected":false},"author":1,"featured_media":0,"comment_status":"open","ping_status":"open","sticky":false,"template":"","format":"standard","meta":[],"categories":[1],"tags":[],"_links":{"self":[{"href":"http:\/\/wordpress.gurbuz.net\/index.php?rest_route=\/wp\/v2\/posts\/132252"}],"collection":[{"href":"http:\/\/wordpress.gurbuz.net\/index.php?rest_route=\/wp\/v2\/posts"}],"about":[{"href":"http:\/\/wordpress.gurbuz.net\/index.php?rest_route=\/wp\/v2\/types\/post"}],"author":[{"embeddable":true,"href":"http:\/\/wordpress.gurbuz.net\/index.php?rest_route=\/wp\/v2\/users\/1"}],"replies":[{"embeddable":true,"href":"http:\/\/wordpress.gurbuz.net\/index.php?rest_route=%2Fwp%2Fv2%2Fcomments&post=132252"}],"version-history":[{"count":5,"href":"http:\/\/wordpress.gurbuz.net\/index.php?rest_route=\/wp\/v2\/posts\/132252\/revisions"}],"predecessor-version":[{"id":132257,"href":"http:\/\/wordpress.gurbuz.net\/index.php?rest_route=\/wp\/v2\/posts\/132252\/revisions\/132257"}],"wp:attachment":[{"href":"http:\/\/wordpress.gurbuz.net\/index.php?rest_route=%2Fwp%2Fv2%2Fmedia&parent=132252"}],"wp:term":[{"taxonomy":"category","embeddable":true,"href":"http:\/\/wordpress.gurbuz.net\/index.php?rest_route=%2Fwp%2Fv2%2Fcategories&post=132252"},{"taxonomy":"post_tag","embeddable":true,"href":"http:\/\/wordpress.gurbuz.net\/index.php?rest_route=%2Fwp%2Fv2%2Ftags&post=132252"}],"curies":[{"name":"wp","href":"https:\/\/api.w.org\/{rel}","templated":true}]}}