{"id":128913,"date":"2023-04-18T11:00:43","date_gmt":"2023-04-18T11:00:43","guid":{"rendered":"http:\/\/wordpress.gurbuz.net\/?p=128913"},"modified":"2023-04-18T11:07:37","modified_gmt":"2023-04-18T11:07:37","slug":"war-unterwegs-deswegen-jetzt-ihr-seid-sooo-verlogen-und-ihr-bescheisst-nach-strich-und-faden","status":"publish","type":"post","link":"http:\/\/wordpress.gurbuz.net\/?p=128913","title":{"rendered":"!!! ### >>> War unterwegs, deswegen JETZT! Ihr seid sooo verlogen und ihr beschei\u00dft nach Strich und Faden <<< ### !!!"},"content":{"rendered":"<p>Ja die GR\u00dcNEN&#8230;<br \/>\nAh wasss&#8230;<br \/>\nEs SIND Islamisten!<\/p>\n<p>Mein letzter Beitrag war um 09:19 gewesen!<\/p>\n<p>&#8222;&#8230;<br \/>\n&#8230;<br \/>\n&#8230;<br \/>\nDie Ampel setzt auf Windkraft, damit die Energiewende gelingt. Doch dies bringt ein neues Problem mit sich. Womit Forscher rechnen.<\/p>\n<p>Berlin.<br \/>\nUm den Klimawandel einzud\u00e4mmen, setzt Deutschland vermehrt auf Windr\u00e4der<br \/>\nDas Problem: Diese sind kaum recycelbar<br \/>\nMacht die Bundesregierung durch die Energiewende erneut den AKW-Fehler?<br \/>\nEs ist eigentlich ein Treppenwitz: Vor allem mit Windenergie will die Bundesregierung die Energiekrise klimafreundlich l\u00f6sen, doch sie bringt damit neue Umweltprobleme hervor: Denn die Windkraftanlagen, genauer die Rotorbl\u00e4tter, sind bisher nicht recycelbar und damit nicht f\u00fcr die ressourcensparende Kreislaufwirtschaft geeignet.<\/p>\n<p>Bis zu 25 Jahre sind Windr\u00e4der in Betrieb, das hei\u00dft, die ersten \u00e4lteren Anlagen werden jetzt landauf landab verschrottet. Denn sie fallen aus der F\u00f6rderung des Erneuerbare-\u00adEnergien\u00ad-Gesetzes, f\u00fcr die Besitzer lohnt sich der Betrieb meist nicht mehr. Insgesamt stehen laut Bundesverband Windenergie 28.443 Anlagen in Deutschland \u2013 die Windr\u00e4der auf dem Wasser nicht mitgez\u00e4hlt. 80 bis 90 Prozent der Bauteile eines Windrads lassen sich laut einer Sch\u00e4tzung des Verbands Wind Europe wiederverwerten.<br \/>\n&#8230;<br \/>\n&#8230;<br \/>\n&#8230;&#8220;<\/p>\n<p>https:\/\/www.morgenpost.de\/wirtschaft\/article238159623\/windraeder-energie-problem-forschung-muell-recycling.html<\/p>\n<p>&#8222;<ins datetime=\"2023-04-18T11:03:12+00:00\">vor 2 Stunden \u2014 Die Bundesregierung setzt auf Windkraft und Sonne. &#8230; Windkraftanlagen erzeugen pro Jahr 15.000 Tonnen M\u00fcll in Deutschland.<\/ins>&#8220;<\/p>\n<p><a href=\"https:\/\/www.google.de\/search?q=15+tonnen+m%C3%BCll+%2Bwindrotoren+%2Bwindr%C3%A4der+%2B&#038;hl=de&#038;ei=vnc-ZPLwOs679u8P-8SP0AI&#038;ved=0ahUKEwjyx7b1orP-AhXOnf0HHXviAyoQ4dUDCA8&#038;uact=5&#038;oq=15+tonnen+m%C3%BCll+%2Bwindrotoren+%2Bwindr%C3%A4der+%2B&#038;gs_lcp=Cgxnd3Mtd2l6LXNlcnAQAzoKCAAQRxDWBBCwA0oECEEYAFDrDFiJamCscWgCcAF4AIABigGIAcEJkgEEMTAuNZgBAKABAcgBCMABAQ&#038;sclient=gws-wiz-serp\" rel=\"noopener\" target=\"_blank\">Guckst du, fiiiiiiiiiiiiiiiiiiiiiiii SIE<\/a><\/p>\n<p><strong>M\u00fcll,<br \/>\nWelches SEHR SCHWER &#8230;, JA&#8230;<br \/>\nSEHR SCHWER!!!<\/strong><\/p>\n<p>Sie&#8230;<br \/>\nMeine verehrten Leser, sie Wissen es nicht ABER ich denke du wei\u00dft bescheid&#8230;<br \/>\nEngland&#8230;<br \/>\nJeder Buchstabe im Rahmen der Islamisten&#8230;<br \/>\n&#8230;<br \/>\nGEGEN dich!<\/p>\n<p>AMerika, England&#8230;<br \/>\nLangsam, langsam werde ich&#8230;<br \/>\nWarm!<\/p>\n","protected":false},"excerpt":{"rendered":"<p>Ja die GR\u00dcNEN&#8230; Ah wasss&#8230; Es SIND Islamisten! Mein letzter Beitrag war um 09:19 gewesen! &#8222;&#8230; &#8230; &#8230; Die Ampel setzt auf Windkraft, damit die Energiewende gelingt. Doch dies bringt ein neues Problem mit sich. Womit Forscher rechnen. Berlin. Um den Klimawandel einzud\u00e4mmen, setzt Deutschland vermehrt auf Windr\u00e4der Das Problem: Diese sind kaum recycelbar Macht &hellip; <\/p>\n<p class=\"link-more\"><a href=\"http:\/\/wordpress.gurbuz.net\/?p=128913\" class=\"more-link\"><span class=\"screen-reader-text\">\u201e!!! ### >>> War unterwegs, deswegen JETZT! Ihr seid sooo verlogen und ihr beschei\u00dft nach Strich und Faden <<< ### !!!\u201c<\/span> weiterlesen<\/a><\/p>\n","protected":false},"author":1,"featured_media":0,"comment_status":"open","ping_status":"open","sticky":false,"template":"","format":"standard","meta":[],"categories":[1],"tags":[],"_links":{"self":[{"href":"http:\/\/wordpress.gurbuz.net\/index.php?rest_route=\/wp\/v2\/posts\/128913"}],"collection":[{"href":"http:\/\/wordpress.gurbuz.net\/index.php?rest_route=\/wp\/v2\/posts"}],"about":[{"href":"http:\/\/wordpress.gurbuz.net\/index.php?rest_route=\/wp\/v2\/types\/post"}],"author":[{"embeddable":true,"href":"http:\/\/wordpress.gurbuz.net\/index.php?rest_route=\/wp\/v2\/users\/1"}],"replies":[{"embeddable":true,"href":"http:\/\/wordpress.gurbuz.net\/index.php?rest_route=%2Fwp%2Fv2%2Fcomments&post=128913"}],"version-history":[{"count":6,"href":"http:\/\/wordpress.gurbuz.net\/index.php?rest_route=\/wp\/v2\/posts\/128913\/revisions"}],"predecessor-version":[{"id":128919,"href":"http:\/\/wordpress.gurbuz.net\/index.php?rest_route=\/wp\/v2\/posts\/128913\/revisions\/128919"}],"wp:attachment":[{"href":"http:\/\/wordpress.gurbuz.net\/index.php?rest_route=%2Fwp%2Fv2%2Fmedia&parent=128913"}],"wp:term":[{"taxonomy":"category","embeddable":true,"href":"http:\/\/wordpress.gurbuz.net\/index.php?rest_route=%2Fwp%2Fv2%2Fcategories&post=128913"},{"taxonomy":"post_tag","embeddable":true,"href":"http:\/\/wordpress.gurbuz.net\/index.php?rest_route=%2Fwp%2Fv2%2Ftags&post=128913"}],"curies":[{"name":"wp","href":"https:\/\/api.w.org\/{rel}","templated":true}]}}