{"id":120008,"date":"2023-02-11T07:20:47","date_gmt":"2023-02-11T07:20:47","guid":{"rendered":"http:\/\/wordpress.gurbuz.net\/?p=120008"},"modified":"2023-02-11T08:06:33","modified_gmt":"2023-02-11T08:06:33","slug":"ich-habe-lange-hin-und-her-ueberlegt-soll-ich-auf-deutsch-oder-tuerkisch","status":"publish","type":"post","link":"http:\/\/wordpress.gurbuz.net\/?p=120008","title":{"rendered":"Ich habe lange hin und her \u00fcberlegt SOLL ICH auf Deutsch oder t\u00fcrkisch?"},"content":{"rendered":"<p>Ich denke besser ist es, wenn ich auf Deutsch schreibe. Akademiker\u2026<br \/>\nIch kenne es NOCH SO Menschen die nat\u00fcrlich einen akademischen Grad erreicht haben und an Universit\u00e4ten lehren oder ihren Beitrag zu deren wissenschaftlichen Erkenntnissen leisten.<\/p>\n<p>Aber heute\u2026<br \/>\nZ\u00e4hlt jeder der einen Universit\u00e4tsabschluss hat zum Kreis der Akademiker. Ich habe es ganz bewusst NUR ganz GROB umschrieben. So WARUM fange ich so an?<\/p>\n<p>GESTERN,<br \/>\nLeider habe ich weder Namen noch die Zeit notiert&#8230;<br \/>\nAber auf den Welt Nachrichten&#8230;<br \/>\nEin Type, NEIN meiner Meinung nach KANN das kein Mensch sein&#8230;<br \/>\n&#8230;<br \/>\nKein Mensch der Studiert hat!<\/p>\n<p>Schimpft sich Demokratie EXPERTE\u2026<br \/>\nWow\u2026<br \/>\nLeute, steht stramm. Habt ihr nicht gedient oder was?<\/p>\n<p>Ich auch nicht, meine Gesundheit\u2026<br \/>\nIch habe extra nochmal nachgesehen, ja auch in Deutschland geh\u00f6ren Akademiker zum Beamtenkreis, sind also Staatsbedienstete. Wie in der T\u00fcrkei.<\/p>\n<p>Das Problem an der ganzen Geschichte IST\u2026<br \/>\nWAS ist mit der akademischen Meinungsfreiheit?<br \/>\nIst doch so, wir schicken unsere Kinder dort hin damit was aus ihnen wird. Menschen\u2026<br \/>\nGebildete Menschen mit einer eigenen Meinung.<\/p>\n<p>Der akademischen Wahrheit verpflichtet&#8230;<br \/>\nDie\u2026<br \/>\nIhr Wissen zum wohle ALLER kundtun sollen, dies auch lehren!<\/p>\n<p>Ist es so oder seid ihr da anderer Meinung?<br \/>\nWARUM sollten DIE AMerikaner die Pipeline in die Luft gesprengt haben, sie h\u00e4tten doch KEINEN Vorteil dadurch. So seine \u00c4u\u00dferungen&#8230;<br \/>\nUnd sowas lassen sie&#8230;<br \/>\nNa gut ein privat Sender ABER haben die nicht auch die Pflicht Wahrheitsgem\u00e4\u00df zu berichten?<\/p>\n<p>Und sowas lassen sie \u201eSprechen\u201c ALS Akademiker\u2026<br \/>\nEr w\u00fcrde so habe ich es verstanden in New York lehren\u2026<br \/>\nDiese ARMEN ARMEN studierenden!<\/p>\n<p><ins datetime=\"2023-02-11T07:43:11+00:00\"><strong>&#8212; Fachidioten &#8212;<\/strong><\/ins><\/p>\n<p>Fern vom \u201eWissen\u201c und freier Assoziation\u2026<br \/>\nWirklich fern von Wissen in unterschiedlichen Disziplinen und diese RICHTIG miteinander zu verkn\u00fcpfen.<br \/>\nMachen wirs kurz, ich hatte vor mal mich so richtig auszukotzen ABER\u2026<br \/>\nEs geht mir verdammt schlecht\u2026<br \/>\nWieder meine t\u00fcrkischen Leser, es tut mir leid mein Fehler\u2026<br \/>\nSie WISSEN es wie sehr ich auf Nord Stream 2 rumgeritten bin, NIE\u2026<br \/>\nOhne Grund!<\/p>\n<p>&#8212; DIE Gr\u00fcnen &#8212;<\/p>\n<p>Von wo bezieht Deutschland nochmal HAUPTS\u00c4CHLICH sein\u2026<br \/>\nLNG?<\/p>\n<p>Es WIRD weiter gehen, sobald ich wieder kann&#8230;<br \/>\nDieser GANZE Ukraine schei\u00df&#8230;<br \/>\nJa DER Balkan, damit fing es SO RICHTIG an&#8230;<br \/>\nEs WIRD&#8230;<br \/>\nIch KANN und ich WERDE&#8230;<br \/>\n&#8230;<br \/>\nIch MUSS sehen!<\/p>\n","protected":false},"excerpt":{"rendered":"<p>Ich denke besser ist es, wenn ich auf Deutsch schreibe. Akademiker\u2026 Ich kenne es NOCH SO Menschen die nat\u00fcrlich einen akademischen Grad erreicht haben und an Universit\u00e4ten lehren oder ihren Beitrag zu deren wissenschaftlichen Erkenntnissen leisten. Aber heute\u2026 Z\u00e4hlt jeder der einen Universit\u00e4tsabschluss hat zum Kreis der Akademiker. Ich habe es ganz bewusst NUR ganz &hellip; <\/p>\n<p class=\"link-more\"><a href=\"http:\/\/wordpress.gurbuz.net\/?p=120008\" class=\"more-link\"><span class=\"screen-reader-text\">\u201eIch habe lange hin und her \u00fcberlegt SOLL ICH auf Deutsch oder t\u00fcrkisch?\u201c<\/span> weiterlesen<\/a><\/p>\n","protected":false},"author":1,"featured_media":0,"comment_status":"open","ping_status":"open","sticky":false,"template":"","format":"standard","meta":[],"categories":[1],"tags":[],"_links":{"self":[{"href":"http:\/\/wordpress.gurbuz.net\/index.php?rest_route=\/wp\/v2\/posts\/120008"}],"collection":[{"href":"http:\/\/wordpress.gurbuz.net\/index.php?rest_route=\/wp\/v2\/posts"}],"about":[{"href":"http:\/\/wordpress.gurbuz.net\/index.php?rest_route=\/wp\/v2\/types\/post"}],"author":[{"embeddable":true,"href":"http:\/\/wordpress.gurbuz.net\/index.php?rest_route=\/wp\/v2\/users\/1"}],"replies":[{"embeddable":true,"href":"http:\/\/wordpress.gurbuz.net\/index.php?rest_route=%2Fwp%2Fv2%2Fcomments&post=120008"}],"version-history":[{"count":19,"href":"http:\/\/wordpress.gurbuz.net\/index.php?rest_route=\/wp\/v2\/posts\/120008\/revisions"}],"predecessor-version":[{"id":120030,"href":"http:\/\/wordpress.gurbuz.net\/index.php?rest_route=\/wp\/v2\/posts\/120008\/revisions\/120030"}],"wp:attachment":[{"href":"http:\/\/wordpress.gurbuz.net\/index.php?rest_route=%2Fwp%2Fv2%2Fmedia&parent=120008"}],"wp:term":[{"taxonomy":"category","embeddable":true,"href":"http:\/\/wordpress.gurbuz.net\/index.php?rest_route=%2Fwp%2Fv2%2Fcategories&post=120008"},{"taxonomy":"post_tag","embeddable":true,"href":"http:\/\/wordpress.gurbuz.net\/index.php?rest_route=%2Fwp%2Fv2%2Ftags&post=120008"}],"curies":[{"name":"wp","href":"https:\/\/api.w.org\/{rel}","templated":true}]}}