{"id":118482,"date":"2023-01-31T11:05:48","date_gmt":"2023-01-31T11:05:48","guid":{"rendered":"http:\/\/wordpress.gurbuz.net\/?p=118482"},"modified":"2023-01-31T13:38:36","modified_gmt":"2023-01-31T13:38:36","slug":"der-fall-hans-georg-maassen-erklaert-sehr-oberflaechlich-aber-wichtig-vielleicht-versteht-ihr-mich-ja-erklaert-am-beispiel-des-herrn-pistorius-ich-muss","status":"publish","type":"post","link":"http:\/\/wordpress.gurbuz.net\/?p=118482","title":{"rendered":"DER Fall Hans-Georg Maa\u00dfen\u2026 Erkl\u00e4rt, SEHR oberfl\u00e4chlich ABER WICHTIG vielleicht versteht ihr mich, ja \u201eerkl\u00e4rt*\u201c  am Beispiel des Herrn Pistorius. Ich MUSS"},"content":{"rendered":"<p>Ja Jungs\u2026<br \/>\nEigentlich NUR f\u00fcr euch. <ins datetime=\"2023-01-31T11:05:12+00:00\"><em><strong>Etwas zum Nachdenken eigentlich\u2026<br \/>\nZum Gr\u00fcbeln!<\/strong><\/em><\/ins><\/p>\n<p>Damit ich NICHT falsch verstanden WERDE\u2026<br \/>\nHat NIX mit dem anderen zutun, sagen wir mal er hat etwas gesagt\u2026<br \/>\nDer Herr Pistorius&#8230;<br \/>\nDAS\u2026<br \/>\nF\u00fcr Politiker \u201esehr verheerend\u201c sein kann\u2026<br \/>\n&#8212; Mindestens aber erkl\u00e4rungsbed\u00fcrftig IST &#8212;<br \/>\nWARUM&#8230;<br \/>\nWISO, was hast du mit denen zutun???<\/p>\n<p>Aber sein wie mal ehrlich, wieviel von uns haben DAS\u2026<br \/>\nRegistriert, ah was einfach NUR zur Kenntnis genommen\u2026<br \/>\nSeit euch sicher\u2026<br \/>\nSEHR WENIGE.<\/p>\n<p>Eine \u201eWeisheit\u201c aus der Informatik\u2026<br \/>\nWer nicht wei\u00df was er sehen worauf er achten MUSS\u2026<br \/>\nDER IST blind\u2026<br \/>\nSelbst wenn er \u201esehend\u201c ist.<\/p>\n<p>Die ein oder andere Hacker Regel hatte ich ja bis dato schon ver\u00f6ffentlicht&#8230;<br \/>\nNEIN&#8230;<br \/>\nHacken ist was anderes&#8230;<br \/>\nDAS IST was ganz anderes.<\/p>\n<p>Als erstes m\u00fcssen wir diese Begrifflichkeiten kl\u00e4ren:<\/p>\n<p>\u201eW\u00e4hrend Auslandsnachrichtendienste Erkenntnisse aus und \u00fcber andere(n) Staaten sammeln, k\u00fcmmern sich Inlandsnachrichtendienste insbesondere um Spionageabwehr, Verfassungsschutz und Terrorismus-Bek\u00e4mpfung im eigenen Land. Aufgabe kann zudem die Mitwirkung beim Geheimschutz sein.\u201c<\/p>\n<p>Manchmal\u2026<br \/>\nSind die \u00dcberg\u00e4nge flie\u00dfend. JEDE Art von \u201eMacht\u201c<br \/>\nOhne\u2026<br \/>\nKontrolle kann sich in etwas verwandeln DAS GEGEN Mensch und Gesellschaft IST, es kann sich gegen &#8222;sie wenden&#8220;\u2026<br \/>\nGEGEN Mensch und Gesellschaft&#8230;<br \/>\nJa selbst die Polizei, dein Freund und Helfer\u2026<br \/>\nDAS SIND SIE WIRKLICH,  die anderen oben das und aber auch andere \u201eKr\u00e4fte\u201c das\u2026<br \/>\nBKA zum Beispiel, EuroPol usw\u2026<br \/>\n(KANN, k\u00f6nnte dazu benutzt werden. Die Digitalisierung in diesem Zusammenhang)<br \/>\nJa\u2026<br \/>\nAuch DIE Feuerwehr sie setzen F\u00dcR UNS ihr Leben aufs Spiel. DAS\u2026<br \/>\nMUSS man w\u00fcrdigen, SOLDATEN&#8230;<br \/>\nMenschen die f\u00fcr uns, unsere Werte t\u00f6ten und get\u00f6tet werden!<\/p>\n<p>DAS\u2026<br \/>\nWas ich jetzt schreiben werde IST WICHTIG\u2026<br \/>\nEs MUSS verstanden werden\u2026<br \/>\nNat\u00fcrlich SEHR oberfl\u00e4chlich\u2026<br \/>\nK\u00f6nnt ihr euch erinnern\u2026<br \/>\nDAS Klientel?<\/p>\n<p>Welche Aufgabe bekleidest du\u2026<br \/>\nWo\u2026<br \/>\nIn welcher Position\u2026<br \/>\nWas sind oder waren deine Freigaben\u2026<br \/>\nUnd wer besitzt noch diese \u2026 WARUM und f\u00fcr WEN?<br \/>\nWelche Beziehungen entstehen dadurch, durch deine Position deine Aufgaben\u2026<br \/>\nWas tauscht man so miteinander aus?<br \/>\nUnd\u2026<br \/>\nHey wir SIND Menschen kommt es nie vor\u2026<br \/>\nDAS\u2026<br \/>\nMan sich verplappert?<\/p>\n<p>Der Maa\u00dfen war von 2012 bis 2018  Pr\u00e4sident des Bundesamtes f\u00fcr Verfassungsschutz (BfV)<\/p>\n<p>Eine mehr als ausreichende Zeit um sich so manche \u201eInformation\u201c reinzuziehen \u2026<br \/>\nZu \u201eVerstehen\u201c<br \/>\nUm seine Meinung \u00fcber dieses oder jenes zu \u00e4ndern\u2026<br \/>\nMehr will und kann ich nicht sagen. Nur das noch&#8230;<br \/>\nDAS der eine dem anderen eine Gef\u00e4lligkeit (\u2026) und dadurch entstehen&#8230;<br \/>\nSCHULDEN\u2026<br \/>\nEs gibt moralische Hemmnisse. <\/p>\n<p>Altruismus\u2026<br \/>\n\ud83d\ude09<br \/>\nWusstet ihr das der Mensch von Geburt an teilend ist\u2026<br \/>\nEmpathie empfindet\u2026<br \/>\n\u2026<br \/>\nDer Rest, DAS was danach aus uns WIRD\u2026<br \/>\nIST\u2026<br \/>\nAn erlernt.<\/p>\n<p>Es geht mir ausschlich um seine Aufgabe und seine Position\u2026<br \/>\nIch distanziere mich von ihm und seinen Aussagen ABER die eine oder Andere \u2026 verleiten mich zum Nachdenken.<\/p>\n<p>Kommen wir zum Pistorius;<\/p>\n<p>*<\/p>\n<p>F\u0131r\u0131nda tavuk\u2026<br \/>\nTavada \u00e7i\u011f b\u00f6rek, bir k\u0131ymal\u0131 bir past\u0131rmal\u0131\u2026<br \/>\nYan\u0131nda tavuk suyuna pilav.<\/p>\n<p>Kar\u0131 olsayd\u0131m, gelseydim d\u00fcnyaya\u2026<br \/>\nAcayipppppppppppppppp\u2026<br \/>\nBir rospi olurdum, hem vallahi\u2026<br \/>\nHem billahi, yakm\u0131\u015ft\u0131m ortal\u0131\u011f\u0131\u2026<br \/>\nCay\u0131r cay\u0131r!<\/p>\n<p>Elimin hamuruyla\u2026<br \/>\nKar\u0131\u015ft\u0131r\u0131yorum ortal\u0131\u011f\u0131, Tayyip bekle\u2026<br \/>\nS\u0131ra sana da gelecek. \u00d6NCE\u2026<br \/>\nA\u011fababalar\u0131n!<\/p>\n<p>*<\/p>\n<p>Wir erinnern uns&#8230;<br \/>\n&#8222;Nach der nieders\u00e4chsischen Landtagswahl am 9. Oktober 2022 wurde Pistorius am 8. November 2022 im Kabinett Weil III erneut als Nieders\u00e4chsischer Minister f\u00fcr Inneres und Sport vereidigt. Mit seiner Ernennung zum Bundesminister der Verteidigung legte er das Amt im Januar 2023 nieder.&#8220;<\/p>\n<p>Vielleicht erinnert ihr euch, gleich nach seiner Ernennung\u2026<br \/>\n&#8212; Ramstein Air Base &#8212;<br \/>\nInternationale \u201eGeber Konferenz\u201c DIESE Verr\u00e4ter, ja die Ukraine\u2026<br \/>\nEr WURDE kritisiert, kann er kann er nicht\u2026<br \/>\nKEINE Internationalen Erfahrungen und so weiter\u2026<br \/>\nEr gab eine PK oder war es einfach so vor Journalisten!?<\/p>\n<p>Er war \u201esauer\u201c<br \/>\nOb er KANN ich denke schon, wir werden sehen\u2026<br \/>\nAber was sagte er zu diesen Kritiken?<br \/>\n\u201eNat\u00fcrlich habe ich, FBI \u2026\u201c<\/p>\n<p>EIN&#8230;<br \/>\nNieders\u00e4chsischer Minister f\u00fcr Inneres und Sport&#8230;<br \/>\nUND DAS FBI??? <\/p>\n<p>Wenn ihr versteht worauf ich hinaus will!<\/p>\n<p>Kennt ihr euch aus mit den inneren Abl\u00e4ufen in Ministerien\u2026<br \/>\nOder gro\u00dfen Unternehmen?<\/p>\n<p>Er\u2026<br \/>\nEin Minister des Inneren, hat er keine entsprechenden Mitarbeiter?<\/p>\n<p>DAS\u2026<br \/>\nFBI das dunkle innere AMerikas\u2026<br \/>\nIch stelle nur \u201efest\u201c gebe wieder was gesagt wurde und frage mich!!!<\/p>\n<p>* NUR EIN WORT <\/p>\n<p>*<\/p>\n<p>Ich wei\u00df, glaubst du es ist einfach sehenden Auges,<br \/>\nZuzusehen?<\/p>\n","protected":false},"excerpt":{"rendered":"<p>Ja Jungs\u2026 Eigentlich NUR f\u00fcr euch. Etwas zum Nachdenken eigentlich\u2026 Zum Gr\u00fcbeln! Damit ich NICHT falsch verstanden WERDE\u2026 Hat NIX mit dem anderen zutun, sagen wir mal er hat etwas gesagt\u2026 Der Herr Pistorius&#8230; DAS\u2026 F\u00fcr Politiker \u201esehr verheerend\u201c sein kann\u2026 &#8212; Mindestens aber erkl\u00e4rungsbed\u00fcrftig IST &#8212; WARUM&#8230; WISO, was hast du mit denen zutun??? &hellip; <\/p>\n<p class=\"link-more\"><a href=\"http:\/\/wordpress.gurbuz.net\/?p=118482\" class=\"more-link\"><span class=\"screen-reader-text\">\u201eDER Fall Hans-Georg Maa\u00dfen\u2026 Erkl\u00e4rt, SEHR oberfl\u00e4chlich ABER WICHTIG vielleicht versteht ihr mich, ja \u201eerkl\u00e4rt*\u201c  am Beispiel des Herrn Pistorius. Ich MUSS\u201c<\/span> weiterlesen<\/a><\/p>\n","protected":false},"author":1,"featured_media":0,"comment_status":"open","ping_status":"open","sticky":false,"template":"","format":"standard","meta":[],"categories":[1],"tags":[],"_links":{"self":[{"href":"http:\/\/wordpress.gurbuz.net\/index.php?rest_route=\/wp\/v2\/posts\/118482"}],"collection":[{"href":"http:\/\/wordpress.gurbuz.net\/index.php?rest_route=\/wp\/v2\/posts"}],"about":[{"href":"http:\/\/wordpress.gurbuz.net\/index.php?rest_route=\/wp\/v2\/types\/post"}],"author":[{"embeddable":true,"href":"http:\/\/wordpress.gurbuz.net\/index.php?rest_route=\/wp\/v2\/users\/1"}],"replies":[{"embeddable":true,"href":"http:\/\/wordpress.gurbuz.net\/index.php?rest_route=%2Fwp%2Fv2%2Fcomments&post=118482"}],"version-history":[{"count":23,"href":"http:\/\/wordpress.gurbuz.net\/index.php?rest_route=\/wp\/v2\/posts\/118482\/revisions"}],"predecessor-version":[{"id":118486,"href":"http:\/\/wordpress.gurbuz.net\/index.php?rest_route=\/wp\/v2\/posts\/118482\/revisions\/118486"}],"wp:attachment":[{"href":"http:\/\/wordpress.gurbuz.net\/index.php?rest_route=%2Fwp%2Fv2%2Fmedia&parent=118482"}],"wp:term":[{"taxonomy":"category","embeddable":true,"href":"http:\/\/wordpress.gurbuz.net\/index.php?rest_route=%2Fwp%2Fv2%2Fcategories&post=118482"},{"taxonomy":"post_tag","embeddable":true,"href":"http:\/\/wordpress.gurbuz.net\/index.php?rest_route=%2Fwp%2Fv2%2Ftags&post=118482"}],"curies":[{"name":"wp","href":"https:\/\/api.w.org\/{rel}","templated":true}]}}