{"id":118343,"date":"2023-01-29T16:40:12","date_gmt":"2023-01-29T16:40:12","guid":{"rendered":"http:\/\/wordpress.gurbuz.net\/?p=118343"},"modified":"2023-01-29T17:20:32","modified_gmt":"2023-01-29T17:20:32","slug":"59luk-deprem-iranda-hazirlikli-olun-bunlar-hic-iyi-seyler-degil-aman-dikkat","status":"publish","type":"post","link":"http:\/\/wordpress.gurbuz.net\/?p=118343","title":{"rendered":"5,9\u2019luk DEPREM Iranda, haz\u0131rl\u0131kl\u0131 olun bunlar hi\u00e7 iyi \u015feyler de\u011fil. AMAN DIKKAT"},"content":{"rendered":"<p>Korkan\u0131n anas\u0131 a\u011flamam\u0131\u015f, haz\u0131rl\u0131kl\u0131 olan\u0131n<\/p>\n<p>*<\/p>\n<p>&#8230;<br \/>\n&#8230;<br \/>\n&#8230;<br \/>\n&#8222;Aber das spielt f\u00fcr meine Forschungsfrage keine Rolle. Sie lautet: Gibt es \u00fcberhaupt jemanden in Deutschland, der die Panzerlieferungen problematisch findet? Die 744 Teilnehmenden meiner Umfrage (56 Prozent m\u00e4nnlich) sind zwischen 18 und 71 Jahre alt, haben zu 83 Prozent bei der letzten Bundestagswahl mit ihrer Zweitstimme f\u00fcr eine der im Bundestag repr\u00e4sentierten Parteien gestimmt, und zwar mehrheitlich f\u00fcr B\u00fcndnis 90\/ Die Gr\u00fcnen (41,3 Prozent), FDP (13,6 Prozent), SPD (12,1 Prozent) oder Die Linke (11.7 Prozent).<\/p>\n<p>Die erste Frage, die ich gestellt habe, lautet: \u201eZur Zeit wird dar\u00fcber diskutiert, ob Deutschland der Ukraine schwere Panzer liefern soll. Konkret geht es um die Version Leopard 2A6 aus Best\u00e4nden der Bundeswehr. Was ist Ihre Meinung zur Lieferung von schweren Panzern aus Deutschland an die Ukraine?\u201c<\/p>\n<p>Waffenlieferungen im Ukraine-Krieg: Ambivalenz in der Entscheidungsfindung<br \/>\nEtwa die H\u00e4lfte der Befragten ist daf\u00fcr, die anderen sind entweder dagegen oder k\u00f6nnen sich nicht entscheiden, weil viel daf\u00fcr und viel dagegen spricht. Damit best\u00e4tigt sich, was bereits repr\u00e4sentative Umfragen seit Beginn des Krieges ergeben haben: Viele Menschen in Deutschland erleben in diesen Fragen Ambivalenz.<\/p>\n<p>Wer Ambivalenz aush\u00e4lt, kann als ambiguit\u00e4tstolerant bezeichnet werden. Die Psychologgin Else Frenkel-Brunswik hat diese Pers\u00f6nlichkeitseigenschaft 1949 in Opposition zum Konzept des J-Typs des Marburger Psychologen Erich Jaensch beschrieben. Jaensch, ein gl\u00fchender Nazi, war davon \u00fcberzeugt, dass Menschen, die gegens\u00e4tzliche Reaktionen nebeneinander stehen lassen und nicht zugunsten des dominanten Impulses aufl\u00f6sen, \u201erealit\u00e4tsfremd\u201c sind. F\u00fcr Frenkel-Brunswik dagegen war Ambiguit\u00e4tstoleranz eine F\u00e4higkeit, die uns vor Schwarz-Wei\u00df-Denken und vorschnellen Schl\u00fcssen bewahrt. Ihre Einsch\u00e4tzung wird durch die moderne Ambivalenzforschung gest\u00fctzt. Ambivalenz verlangsamt Urteile und Entscheidungen.<\/p>\n<p>Es ist aber auch bekannt, dass Ambivalenz ein instabiler Zustand ist und (zuweilen extreme) Reaktionen in beide Richtungen daraus folgen k\u00f6nnen, die durch zuf\u00e4llige \u00e4u\u00dfere Einfl\u00fcsse gelenkt werden. Wie werden sich die Ambivalenten verhalten, wenn mit der Lieferung von Kampfjets die n\u00e4chste Stufe der milit\u00e4rischen Unterst\u00fctzung zum Thema wird? Werden sie dann vielleicht auf die Stra\u00dfe gehen, oder gen\u00fcgt dann ein Tweet des ukrainischen Vize-Au\u00dfenministers Melnyk, um sie umzustimmen? In meiner Umfrage ergab sich zum Thema Kampfjets, dass die Zustimmung abnimmt und das Lager der Gegner:innen und Ambivalenten in der Mehrheit ist.<\/p>\n<p>Deutschland im Ukraine-Krieg: Keine breite Zustimmung f\u00fcr Waffenlieferungen<br \/>\nIch wiederhole: Die Umfrage ist nicht repr\u00e4sentativ f\u00fcr die Wahlbev\u00f6lkerung. Sie bildet vor allem die Meinung der Gr\u00fcnen-W\u00e4hler:innen ab, die anscheinend besonders gern an Online-Umfragen teilnehmen. Aber wenn keine Demonstrationen zum Ukraine-Krieg stattfinden, ist es wichtig, diesen Personen Geh\u00f6r zu verschaffen.<\/p>\n<p><ins datetime=\"2023-01-29T17:20:14+00:00\"><strong>Warum ist es wichtig, dass die Ambivalenz der \u00f6ffentlichen Meinung bekannt wird? Es gibt in der Sozialpsychologie das sperrige Konzept der pluralistischen Ignoranz, das aber ganz einfach zu erkl\u00e4ren ist. Es zeigt sich jede Woche in meiner Vorlesung. Wenn sich niemand mit einer Frage zu Wort meldet, denken alle, dass der Inhalt den anderen klar sei, und melden sich ebenfalls nicht, um nachzufragen. Die Ergebnisse meiner Umfrage zeigen ganz deutlich, dass die Zustimmung der Deutschen zu R\u00fcstungsausfuhren alles andere als klar ist. Alle sollten wissen: Es gibt in Deutschland (noch) keine breite Zustimmung f\u00fcr das Handeln der Bundesregierung.<\/strong><\/ins><\/p>\n<p>Johannes Ullrich ist Professor f\u00fcr Sozialpsychologie an der Universit\u00e4t Z\u00fcrich.&#8220;<\/p>\n<p>https:\/\/www.msn.com\/de-de\/nachrichten\/politik\/wie-denken-die-deutschen-%C3%BCber-waffenlieferungen-in-die-ukraine\/ar-AA16QzAv?ocid=msedgntp&#038;cvid=12585d5a93644c01b9a707c509afb04a<\/p>\n<p>Unddddddddddddddddddddddddddddd&#8230;<br \/>\nIch WERDE daf\u00fcr sorgen DAS DIE MENSCHEN eine KLARE Meinung zu dieser Angelegenheit haben!<\/p>\n","protected":false},"excerpt":{"rendered":"<p>Korkan\u0131n anas\u0131 a\u011flamam\u0131\u015f, haz\u0131rl\u0131kl\u0131 olan\u0131n * &#8230; &#8230; &#8230; &#8222;Aber das spielt f\u00fcr meine Forschungsfrage keine Rolle. Sie lautet: Gibt es \u00fcberhaupt jemanden in Deutschland, der die Panzerlieferungen problematisch findet? Die 744 Teilnehmenden meiner Umfrage (56 Prozent m\u00e4nnlich) sind zwischen 18 und 71 Jahre alt, haben zu 83 Prozent bei der letzten Bundestagswahl mit ihrer &hellip; <\/p>\n<p class=\"link-more\"><a href=\"http:\/\/wordpress.gurbuz.net\/?p=118343\" class=\"more-link\"><span class=\"screen-reader-text\">\u201e5,9\u2019luk DEPREM Iranda, haz\u0131rl\u0131kl\u0131 olun bunlar hi\u00e7 iyi \u015feyler de\u011fil. AMAN DIKKAT\u201c<\/span> weiterlesen<\/a><\/p>\n","protected":false},"author":1,"featured_media":0,"comment_status":"open","ping_status":"open","sticky":false,"template":"","format":"standard","meta":[],"categories":[1],"tags":[],"_links":{"self":[{"href":"http:\/\/wordpress.gurbuz.net\/index.php?rest_route=\/wp\/v2\/posts\/118343"}],"collection":[{"href":"http:\/\/wordpress.gurbuz.net\/index.php?rest_route=\/wp\/v2\/posts"}],"about":[{"href":"http:\/\/wordpress.gurbuz.net\/index.php?rest_route=\/wp\/v2\/types\/post"}],"author":[{"embeddable":true,"href":"http:\/\/wordpress.gurbuz.net\/index.php?rest_route=\/wp\/v2\/users\/1"}],"replies":[{"embeddable":true,"href":"http:\/\/wordpress.gurbuz.net\/index.php?rest_route=%2Fwp%2Fv2%2Fcomments&post=118343"}],"version-history":[{"count":5,"href":"http:\/\/wordpress.gurbuz.net\/index.php?rest_route=\/wp\/v2\/posts\/118343\/revisions"}],"predecessor-version":[{"id":118348,"href":"http:\/\/wordpress.gurbuz.net\/index.php?rest_route=\/wp\/v2\/posts\/118343\/revisions\/118348"}],"wp:attachment":[{"href":"http:\/\/wordpress.gurbuz.net\/index.php?rest_route=%2Fwp%2Fv2%2Fmedia&parent=118343"}],"wp:term":[{"taxonomy":"category","embeddable":true,"href":"http:\/\/wordpress.gurbuz.net\/index.php?rest_route=%2Fwp%2Fv2%2Fcategories&post=118343"},{"taxonomy":"post_tag","embeddable":true,"href":"http:\/\/wordpress.gurbuz.net\/index.php?rest_route=%2Fwp%2Fv2%2Ftags&post=118343"}],"curies":[{"name":"wp","href":"https:\/\/api.w.org\/{rel}","templated":true}]}}