{"id":118295,"date":"2023-01-29T11:23:59","date_gmt":"2023-01-29T11:23:59","guid":{"rendered":"http:\/\/wordpress.gurbuz.net\/?p=118295"},"modified":"2023-01-29T13:24:13","modified_gmt":"2023-01-29T13:24:13","slug":"bis-zu-meinem-lezten-atemzug-gegen-alle-islamisten","status":"publish","type":"post","link":"http:\/\/wordpress.gurbuz.net\/?p=118295","title":{"rendered":"Bis zu meinem lezten Atemzug, GEGEN alle Islamisten"},"content":{"rendered":"<p>Undddddddddddddddddddddddd&#8230;<br \/>\nIhre Gr\u00fcnder und F\u00f6rderer!<\/p>\n<p>*<\/p>\n<p>D\u00f6t\u00fcm&#8230;<br \/>\n&#8230;<br \/>\nYALAMA olacak!<\/p>\n<p>A\u011fz\u0131m\u2026<br \/>\nY\u00fcz\u00fcm, offf<br \/>\n\ud83d\ude41<\/p>\n<p>*<\/p>\n<p><ins datetime=\"2023-01-29T11:32:41+00:00\"><em><strong>Ich bin heute NICHT zum Training gegangen\u2026<br \/>\nWARUM WOLL???<\/strong><\/em><\/ins><\/p>\n<blockquote class=\"wp-embedded-content\" data-secret=\"PNgf98Rrh4\"><p><a href=\"http:\/\/wordpress.gurbuz.net\/?p=112475\">Erinnert ihr euch; Europa! Deutschland UND Frankreich!???<\/a><\/p><\/blockquote>\n<p><iframe class=\"wp-embedded-content\" sandbox=\"allow-scripts\" security=\"restricted\" style=\"position: absolute; clip: rect(1px, 1px, 1px, 1px);\" title=\"&#8222;Erinnert ihr euch; Europa! Deutschland UND Frankreich!???&#8220; &#8212; \u00d6nder G\u00fcrb\u00fcz\" src=\"http:\/\/wordpress.gurbuz.net\/?p=112475&#038;embed=true#?secret=PNgf98Rrh4\" data-secret=\"PNgf98Rrh4\" width=\"525\" height=\"296\" frameborder=\"0\" marginwidth=\"0\" marginheight=\"0\" scrolling=\"no\"><\/iframe><\/p>\n<p>Und ich auch ABER&#8230;<br \/>\nWelchen Preis werde ICH Zahlen?<\/p>\n<p>&#8212; HIV sprich AIDS immer mehr, IMMER MEHR &#8212;<\/p>\n<p>&#8222;Die Deutsche Aidshilfe fordert, die Zeit bis Ende 2023 f\u00fcr den Ausbau einer fl\u00e4chendeckenden Versorgungsstruktur f\u00fcr die medikament\u00f6se HIV-Prophylaxe PrEP und Erleichterungen f\u00fcr verschreibende \u00c4rzt*innen. Die medikament\u00f6se HIV-Prophylaxe PrEP sch\u00fctzt wirksam vor HIV-Infektionen.21.12.2022&#8220;<\/p>\n<p>https:\/\/www.aidshilfe.de\/meldung\/hiv-prophylaxe-prep-ende-2023-ausserhalb-praxisbudgets-verguetet#:~:text=Die%20Deutsche%20Aidshilfe%20fordert%2C%20die,sch%C3%BCtzt%20wirksam%20vor%20HIV%2DInfektionen.<\/p>\n<p>&#8222;Bundestag gedenkt erstmals der queeren Opfer des Nationalsozialismus<\/p>\n<p>27.01.2023, 04:02<\/p>\n<p>Mit einer feierlichen Gedenkstunde will der Bundestag am Freitag der Opfer der nationalsozialistischen Verfolgung von Angeh\u00f6rigen sexueller Minderheiten gedenken (10.00 Uhr). Es ist das erste Mal, dass queere Opfer im Mittelpunkt des Holocaust-Gedenktags stehen, den der Bundestag jedes Jahr mit einer Veranstaltung am 27. Januar begeht. Bundestagspr\u00e4sidentin B\u00e4rbel Bas (SPD) will in der Gedenkstunde auch daran erinnern, dass die Verfolgung von Schwulen, Lesben, Transsexuellen und anderen Minderheiten nach dem Ende des Nationalsozialismus in der Bundesrepublik zun\u00e4chst weiterging.&#8220;<\/p>\n<p>https:\/\/www.stern.de\/news\/bundestag-gedenkt-erstmals-der-queeren-opfer-des-nationalsozialismus-33140816.html<\/p>\n<p>Ich will schon&#8230;<br \/>\nABER&#8230;<br \/>\nEs IST NICHT erw\u00fcnscht!<\/p>\n<p>Und DAS liebe Leser&#8230;<br \/>\nDas&#8230;<br \/>\nIst NUR die Spitze des Eisbergs!!!<\/p>\n<p>Zu lang&#8230;<br \/>\nZuuu tief&#8230;<br \/>\nZuviel,viel&#8230;<br \/>\nZuviel!<\/p>\n<p>Von Kindesbeinen an&#8230;<br \/>\nIrgendwie&#8230;<br \/>\nWARUM?<\/p>\n<p>Ich wei\u00df es NICHT!<\/p>\n<p>Eben DAS in den Nachrichten\u2026<br \/>\nWist ihr was NOCH einer meiner Intensionen IST?<\/p>\n<p>Atat\u00fcrk\u2026<br \/>\nEr wollte IMMER eine EINHEIT bilden, ein VOLK\u2026<br \/>\nAber\u2026<br \/>\nEs gab, es gibt UND ES WIRD immer welche geben die\u2026<br \/>\nEmpf\u00e4nglich SIND und das sind die\u2026<br \/>\nDie am gef\u00e4hrlichsten sind\u2026<br \/>\nUnd NEIN es gibt KEINE \u201eKurden Problematik\u201c<br \/>\nGab es noch nie\u2026<br \/>\nSiehe Ex \u2013 Jugoslawien, meine wenn ich es so sagen darf\u2026<br \/>\nMeine zweiten Eltern SIND Jugoslawen. Ich habe es von ihnen geh\u00f6rt\u2026<br \/>\nVon Kindesbeinen an, \u201ewenn Tito Tod ist \u2026\u201c<br \/>\nJETZT&#8230;<br \/>\nDie Ukraine, ich WILL NICHT das sich das in der T\u00fcrkei wiederholt&#8230;<br \/>\nNirgens&#8230;<br \/>\nEs darf sich nirdenwo wiederholen!<\/p>\n<p>DIE Kurden, DIE T\u00fcrken und alle die noch da Leben (70 verschiedene)<br \/>\nWIR ALLE&#8230;<br \/>\nHaben DAS SELBE Problem, allesamt&#8230;<br \/>\nDeswegen gibt es KEINE \u201eKurden Problematik\u201c<\/p>\n<p>Glaubt mir\u2026<br \/>\nDie alten ja auch von der PKK, sie kannten meinen Vater\u2026<br \/>\nAuch mich\u2026<br \/>\nDie Kurden und DIE PKK&#8230;<br \/>\nSIND&#8230;<br \/>\nZwei paar Schuh&#8230;<br \/>\nDie j\u00fcngeren sie kennen mich nicht, weil ich mich zur\u00fcckgezogen habe\u2026<br \/>\nWir SIND Menschen und Menschen k\u00f6nnen\u2026<br \/>\nSofern willig\u2026<br \/>\n\u00dcber alles Reden. Man findet einen Mittelweg\u2026<br \/>\nWenn man WILL!<\/p>\n<p>Siehe DIE Au\u00dfendingsBUMS\u2026<br \/>\nVerfolgt ihr die Nachrichten in welche Lage sie DEUTSCHLAND gebracht hat\u2026<br \/>\nAuf\u2026<br \/>\nInternationalem parket?<\/p>\n<p><a href=\"https:\/\/www.bing.com\/search?q=baerbock+news&#038;form=ANNTH1&#038;refig=499a8c8ae67e4219bdae09962e1e1a44&#038;sp=2&#038;qs=OS&#038;pq=bearbock&#038;sk=PRES1OS1&#038;sc=10-8&#038;cvid=499a8c8ae67e4219bdae09962e1e1a44\" rel=\"noopener\" target=\"_blank\">Wenn NICHT dann lies etwas<\/a><\/p>\n<p><ins datetime=\"2023-01-29T13:24:25+00:00\"><em><strong>Ich HATTE ES GESAGT&#8230;<br \/>\nDer Warnminister IST &#8222;Harmlos&#8220;<br \/>\nSie dagegen&#8230;<br \/>\n&#8212; brand\u00b7ge\u00b7f\u00e4hr\u00b7lich &#8212;<\/strong><\/em><\/ins><\/p>\n<p>Ihre Kanzlerkandidatur wurde nicht umsonst&#8230;<br \/>\n&#8230;<\/p>\n","protected":false},"excerpt":{"rendered":"<p>Undddddddddddddddddddddddd&#8230; Ihre Gr\u00fcnder und F\u00f6rderer! * D\u00f6t\u00fcm&#8230; &#8230; YALAMA olacak! A\u011fz\u0131m\u2026 Y\u00fcz\u00fcm, offf \ud83d\ude41 * Ich bin heute NICHT zum Training gegangen\u2026 WARUM WOLL??? Erinnert ihr euch; Europa! Deutschland UND Frankreich!??? Und ich auch ABER&#8230; Welchen Preis werde ICH Zahlen? &#8212; HIV sprich AIDS immer mehr, IMMER MEHR &#8212; &#8222;Die Deutsche Aidshilfe fordert, die Zeit &hellip; <\/p>\n<p class=\"link-more\"><a href=\"http:\/\/wordpress.gurbuz.net\/?p=118295\" class=\"more-link\"><span class=\"screen-reader-text\">\u201eBis zu meinem lezten Atemzug, GEGEN alle Islamisten\u201c<\/span> weiterlesen<\/a><\/p>\n","protected":false},"author":1,"featured_media":0,"comment_status":"open","ping_status":"open","sticky":false,"template":"","format":"standard","meta":[],"categories":[1],"tags":[],"_links":{"self":[{"href":"http:\/\/wordpress.gurbuz.net\/index.php?rest_route=\/wp\/v2\/posts\/118295"}],"collection":[{"href":"http:\/\/wordpress.gurbuz.net\/index.php?rest_route=\/wp\/v2\/posts"}],"about":[{"href":"http:\/\/wordpress.gurbuz.net\/index.php?rest_route=\/wp\/v2\/types\/post"}],"author":[{"embeddable":true,"href":"http:\/\/wordpress.gurbuz.net\/index.php?rest_route=\/wp\/v2\/users\/1"}],"replies":[{"embeddable":true,"href":"http:\/\/wordpress.gurbuz.net\/index.php?rest_route=%2Fwp%2Fv2%2Fcomments&post=118295"}],"version-history":[{"count":20,"href":"http:\/\/wordpress.gurbuz.net\/index.php?rest_route=\/wp\/v2\/posts\/118295\/revisions"}],"predecessor-version":[{"id":118315,"href":"http:\/\/wordpress.gurbuz.net\/index.php?rest_route=\/wp\/v2\/posts\/118295\/revisions\/118315"}],"wp:attachment":[{"href":"http:\/\/wordpress.gurbuz.net\/index.php?rest_route=%2Fwp%2Fv2%2Fmedia&parent=118295"}],"wp:term":[{"taxonomy":"category","embeddable":true,"href":"http:\/\/wordpress.gurbuz.net\/index.php?rest_route=%2Fwp%2Fv2%2Fcategories&post=118295"},{"taxonomy":"post_tag","embeddable":true,"href":"http:\/\/wordpress.gurbuz.net\/index.php?rest_route=%2Fwp%2Fv2%2Ftags&post=118295"}],"curies":[{"name":"wp","href":"https:\/\/api.w.org\/{rel}","templated":true}]}}