{"id":118237,"date":"2023-01-28T14:08:46","date_gmt":"2023-01-28T14:08:46","guid":{"rendered":"http:\/\/wordpress.gurbuz.net\/?p=118237"},"modified":"2023-01-29T08:19:42","modified_gmt":"2023-01-29T08:19:42","slug":"eugenik-machen-wir-weiter-mit-amerika-auch-england","status":"publish","type":"post","link":"http:\/\/wordpress.gurbuz.net\/?p=118237","title":{"rendered":"&#8212; Eugenik &#8212; machen wir weiter mit AMerika, auch England(!)"},"content":{"rendered":"<p>&#8222;Nationalsozialistische Rassenlehre<\/p>\n<p>Die Geschichte der Eugenik-Verbrechen<\/p>\n<p>Die Eugenik ist die Lehre der vermeintlich guten Erbanlagen. Bis in die 2000er-Jahre wurden auf Grundlage dieser Ideologie Menschen zwangssterilisiert. Ihre Wurzeln reichen bis in die Mitte des 19. Jahrhunderts.<\/p>\n<p>Von Beate Krol<\/p>\n<p>Die Wurzeln der Eugenik<br \/>\nDie Eugenik beruft sich auf die Evolutionslehre, die der britische Naturforscher Charles Darwin Mitte des 19. Jahrhunderts ver\u00f6ffentlichte. Darwin ging davon aus, dass die damals existierenden Tier- und Pflanzenarten das Ergebnis eines Auswahlprozesses der Natur waren. Die fittesten Exemplare hatten sich durchgesetzt, w\u00e4hrend die anderen verschwunden waren.<br \/>\nDie Eugeniker sahen auch die menschlichen Gesellschaften einem solchen evolution\u00e4ren Konkurrenzkampf unterworfen. In ihren Augen \u00fcberlebten diejenigen Gesellschaften, deren biologische Substanz am besten war.<\/p>\n<p>Dabei kristallisierten sich mit der Zeit zwei Richtungen heraus: Die Vertreter der positiven Eugenik wollten die Fortpflanzung der Menschen mit vermeintlich guten Erbanlagen f\u00f6rdern. Die Vertreter der negativen Eugenik wollten die Fortpflanzung von Menschen mit vermeintlich schlechten Erbanlagen verhindern.<\/p>\n<p>Die Eugenik entsteht in den modernen Staaten<br \/>\nDie Eugenik ist ein Kind ihrer Zeit: Sie entstand in den modernen Industriestaaten in Europa und im angels\u00e4chsischen Raum. Nach Jahrzehnten voller Fortschrittsoptimismus traten dort Anfang des 20. Jahrhunderts die Schattenseiten von Industrialisierung und Kapitalismus deutlich zutage: Millionen Menschen lebten im Elend, Krankheiten und Kriminalit\u00e4t grassierten und die Sterblichkeit war hoch.<\/p>\n<p>F\u00fcr diese Misere lieferte die Eugenik den gesellschaftlichen Eliten eine plausible und zugleich bequeme Erkl\u00e4rung. Nicht die wirtschaftlichen und sozialen Zust\u00e4nde waren schuld, sondern die vermeintlich minderwertige biologische Substanz der in Armut lebenden Menschen.<\/p>\n<p>Gleichzeitig wertete die Eugenik die gesellschaftliche Elite auf, denn deren Erbanlagen galten laut Eugenik als h\u00f6herwertig.<\/p>\n<p>Die Eugenik setzt sich durch<br \/>\nZudem schienen die eugenischen Ma\u00dfnahmen den vermeintlich bevorstehenden Niedergang der modernen Industriegesellschaften aufzuhalten. Die ersten Eugenik-Opfer gab es bereits Ende des 19. Jahrhunderts im US-Bundesstaat Connecticut: Dort war es Menschen mit vermeintlich minderwertigen Erbanlagen verboten zu heiraten.<\/p>\n<p>Nur wenige Jahre sp\u00e4ter gab es in zahlreichen US-Bundesstaaten Programme zur Zwangssterilisation. Auch in Kanada, Skandinavien und der Schweiz wurden Anfang des 20. Jahrhunderts Zwangssterilisationen mit eugenischen Argumenten eingef\u00fchrt und gerechtfertigt.<\/p>\n<p>In Deutschland erhielt die Eugenik den entscheidenden Schub durch den verlorenen Ersten Weltkrieg. So argumentierten die Vertreter der positiven Eugenik, dass in den Schlachten \u00fcberproportional viele vermeintlich genetisch h\u00f6herwertige Menschen gefallen seien, weshalb es staatliche Ma\u00dfnahmen geben m\u00fcsse, damit sich die verbliebenen genetisch h\u00f6herwertigen Menschen st\u00e4rker vermehrten.<\/p>\n<p>Die Vertreter der negativen Eugenik pl\u00e4dierten nach dem Ersten Weltkrieg f\u00fcr Zwangssterilisierungen nach dem Vorbild der USA. Ihre Begr\u00fcndung lautete, dass Deutschland es sich aufgrund der territorialen und wirtschaftlichen Einbu\u00dfen nicht leisten k\u00f6nne, dass sich auch vermeintlich biologisch minderwertige Menschen weiter fortpflanzten.<\/p>\n<p>Die Eugenik wird zur Wissenschaft<br \/>\nMit der wachsenden Popularit\u00e4t der Eugenik in der Weimarer Republik ging auch ihre Verwissenschaftlichung einher. Zirkulierte das Gedankengut der Eugeniker anfangs in kleinen, privaten Eugenik-Gesellschaften, bekannten sich nach dem Ersten Weltkrieg auch Professoren zur Eugenik, wie der Psychiater Alfred Hoche und der Strafrechtler Karl Binding.<\/p>\n<p>Zudem richteten erste Universit\u00e4ten Eugenik-Lehrst\u00fchle ein, an denen Wissenschaftler mit statistischen und anthropologischen Methoden eugenische Kriterien, Programme und Ma\u00dfnahmen erarbeiteten.<\/p>\n<p>Mit der Verwissenschaftlichung wuchs der Eugenik ein Wahrheitsanspruch zu. Die Eugeniker wurden zunehmend zu Politikberatern. Ber\u00fchrungs\u00e4ngste gab es bei den Parteien kaum. Alle politischen Str\u00f6mungen lie\u00dfen sich von der Eugenik beeinflussen und hielten sie f\u00fcr diskutier- und realisierbar.<\/p>\n<p>Auch die Kirchen griffen das Gedankengut der Eugenik auf und akzeptierten sogar die Zwangsma\u00dfnahmen der negativen Eugenik.<\/p>\n<p>Eugenik und Euthanasie<br \/>\nDie Eugeniker verstanden ihre Arbeit als Dienst am Volk. Hier deutet sich bereits die N\u00e4he zum v\u00f6lkischen Gedankengut und der Euthanasie an. Tats\u00e4chlich haben viele deutsche Eugeniker die Euthanasie bef\u00fcrwortet.<\/p>\n<p>Auch das im Juli 1933 in Kraft getretene &#8222;Gesetz zur Verh\u00fctung erbkranken Nachwuchses&#8220;, auf dessen Grundlage mindestens 360.000 Menschen zwangssterilisiert wurden, l\u00e4sst sich durchaus als Ausfluss der Eugenik bezeichnen.<\/p>\n<p><img src=\"https:\/\/www.planet-wissen.de\/geschichte\/nationalsozialismus\/nationalsozialistische_rassenlehre\/euthanasie-und-rassenhygiene-100~_v-ARDFotogalerie.jpg\" alt=\"\" \/><\/p>\n<p>Gegen eine zwangsl\u00e4ufige Entwicklung von der Eugenik zur Euthanasie spricht, dass es in allen anderen L\u00e4ndern mit Eugenik-Programmen keine Euthanasie gab. Auch war das Ausma\u00df der Zwangssterilisierungen deutlich geringer. Nichtsdestotrotz bleiben sie Verbrechen.<\/p>\n<p>Eugenik-Opfer haben keine Stimme<br \/>\nObwohl in der Allgemeinen Erkl\u00e4rung der Menschenrechte von 1948 festgeschrieben ist, dass heiratsf\u00e4hige Menschen ein Recht haben, eine Familie zu gr\u00fcnden, wurde die Eugenik in vielen Staaten auch nach dem Zweiten Weltkrieg weiter praktiziert.<\/p>\n<p>In der Schweiz gab es bis in die 1980er-Jahre Zwangssterilisationen, in Finnland bis 1979. Kanada verbot Zwangssterilisationen 1972, in Schweden bestand das Sterilisationsgesetz bis 1975. Die USA nahmen 2002 die letzten Zwangssterilisierungen vor.<\/p>\n<p><ins datetime=\"2023-01-29T08:16:55+00:00\"><strong>In der Europ\u00e4ischen Union (EU) sind Zwangssterilisationen und eugenische Ma\u00dfnahmen seit 2009 verboten.<\/strong><\/ins> Dennoch geht die Entsch\u00e4digung der Eugenik-Opfer nur schleppend voran \u2013 sofern sie \u00fcberhaupt ein Thema ist.<\/p>\n<p>In Deutschland sind die Eugenik-Opfer mit minimalen Betr\u00e4gen entsch\u00e4digt worden. Weil eugenische Verbrechen nicht als spezifisches NS-Unrecht gelten, sind sie nicht vom Bundesentsch\u00e4digungsgesetz umfasst.&#8220;<\/p>\n<p>https:\/\/www.planet-wissen.de\/geschichte\/nationalsozialismus\/nationalsozialistische_rassenlehre\/geschichte-der-eugenik-verbrechen-100.html<\/p>\n<p>Bitte abzuwarten&#8230;<br \/>\nIch habe ja noch NICHT!<\/p>\n<p>\ud83d\ude09<\/p>\n<p>*<\/p>\n<p>LEIDER!!!<\/p>\n<blockquote class=\"wp-embedded-content\" data-secret=\"yDS7cn4uPu\"><p><a href=\"http:\/\/wordpress.gurbuz.net\/?p=112453\">DAS MIT DEN Kinderkrankenh\u00e4usern IST KEIN neues Problem. Man sehe nach in meinen archiven!<\/a><\/p><\/blockquote>\n<p><iframe class=\"wp-embedded-content\" sandbox=\"allow-scripts\" security=\"restricted\" style=\"position: absolute; clip: rect(1px, 1px, 1px, 1px);\" title=\"&#8222;DAS MIT DEN Kinderkrankenh\u00e4usern IST KEIN neues Problem. Man sehe nach in meinen archiven!&#8220; &#8212; \u00d6nder G\u00fcrb\u00fcz\" src=\"http:\/\/wordpress.gurbuz.net\/?p=112453&#038;embed=true#?secret=yDS7cn4uPu\" data-secret=\"yDS7cn4uPu\" width=\"525\" height=\"296\" frameborder=\"0\" marginwidth=\"0\" marginheight=\"0\" scrolling=\"no\"><\/iframe><\/p>\n<p>Nicht ganz, noch nicht\u2026<br \/>\nAber auf dem BESTEN WEG dorthin\u2026<br \/>\nTayyipistan zu werden meine ich\u2026<br \/>\nJUNGS\u2026<br \/>\nDer Verfassungsschutz, die Wahlen in Tayyipistan\u2026<br \/>\nIhr bef\u00fcrchtet (\u2026)<br \/>\n\u2026<br \/>\n\u2026<br \/>\n\u2026<br \/>\nAbwarten, auch dazu habe ich noch was zu Sagen\u2026<br \/>\nABER\u2026<br \/>\nIch soll ja nicht!<\/p>\n<p>\ud83d\ude09<\/p>\n<p>Bis zu meinem letzten Atemzug&#8230;<br \/>\nGegen ALLE Islamisten, in jeglicher Form und Gestallt&#8230;<br \/>\nUnd ihre F\u00f6rderer!!!<\/p>\n<p><img src=\"https:\/\/img-s-msn-com.akamaized.net\/tenant\/amp\/entityid\/AA16PIdH.img?w=768&#038;h=432&#038;m=6\" alt=\"\" \/><\/p>\n<p>&#8222;t-online<\/p>\n<p>T\u00fcrkei-Wahl: Verfassungsschutz f\u00fcrchtet Konflikte in Deutschland<br \/>\nArtikel von T &#8211; Online \u2022 Vor 2 Std.<br \/>\n5 Kommentare<\/p>\n<p>&#8222;Emotionalisierend f\u00fcr Extremisten&#8220;<\/p>\n<p>T\u00fcrkei-Wahl: Verfassungsschutz f\u00fcrchtet Konflikte in Deutschland&#8220;<\/p>\n<p>https:\/\/www.msn.com\/de-de\/nachrichten\/politik\/t%C3%BCrkei-wahl-verfassungsschutz-f%C3%BCrchtet-konflikte-in-deutschland\/ar-AA16PIdK?ocid=msedgntp&#038;cvid=bee05f657a344a58913333157670446e<\/p>\n<p>*<\/p>\n<blockquote class=\"wp-embedded-content\" data-secret=\"7WOsw5Nsfi\"><p><a href=\"http:\/\/wordpress.gurbuz.net\/?p=86873\">Eyyy HAYVAN, sor kendine bu durumlara NEDEN d\u00fc\u015ft\u00fcn?<\/a><\/p><\/blockquote>\n<p><iframe class=\"wp-embedded-content\" sandbox=\"allow-scripts\" security=\"restricted\" style=\"position: absolute; clip: rect(1px, 1px, 1px, 1px);\" title=\"&#8222;Eyyy HAYVAN, sor kendine bu durumlara NEDEN d\u00fc\u015ft\u00fcn?&#8220; &#8212; \u00d6nder G\u00fcrb\u00fcz\" src=\"http:\/\/wordpress.gurbuz.net\/?p=86873&#038;embed=true#?secret=7WOsw5Nsfi\" data-secret=\"7WOsw5Nsfi\" width=\"525\" height=\"296\" frameborder=\"0\" marginwidth=\"0\" marginheight=\"0\" scrolling=\"no\"><\/iframe><\/p>\n<p>&#8222;Reuters<\/p>\n<p>Erdbeben an der Grenze zwischen T\u00fcrkei und Iran<br \/>\nArtikel von Reuters \u2022 Gestern um 20:40<br \/>\n1 Kommentar<\/p>\n<p>Bangalore, 28. Jan (Reuters) &#8211; Die Grenzregion zwischen der T\u00fcrkei und dem Iran ist am Samstagabend von einem Erdbeben ersch\u00fcttert worden. Das Beben hatte nach Angaben des seismologischen Instituts EMSC eine St\u00e4rke von 5,6. Das Epizentrum lag in einer Tiefe von zehn Kilometern. Die iranische Nachrichtenagentur Fars berichtete, dass zahlreiche Geb\u00e4ude in der Stadt Khoy zerst\u00f6rt worden seien. Staatlichen Medien zufolge sind Rettungsteams auf dem Weg zu dem Gebiet und Krankenh\u00e4user in Alarmbereitschaft versetzt worden. Khoy ist eine Stadt in der iranischen Provinz West-Aserbaidschan. (Bericht von Rishabh Jaiswal, geschrieben von Birgit Mittwollen. Bei R\u00fcckfragen wenden Sie sich bitte an unsere Redaktion unter berlin.newsroom@thomsonreuters.com (f\u00fcr Politik und Konjunktur) oder frankfurt.newsroom@thomsonreuters.com (f\u00fcr Unternehmen und M\u00e4rkte).)&#8220;<\/p>\n<p>https:\/\/www.msn.com\/de-de\/nachrichten\/politik\/erdbeben-an-der-grenze-zwischen-t%C3%BCrkei-und-iran\/ar-AA16QzNb?ocid=msedgntp&#038;cvid=d9a8367e93b54300a01a44e7b1924ca1<\/p>\n<p>Jeoloji\u2026<br \/>\nO kadar da zor bir \u015fey de\u011fil, yeter ki insan tabiat\u0131 okuyabilmeli.<br \/>\nAllah korusun MUTLAKA \u00f6nlerde de salayacak kimi yeri<\/p>\n<p>&#8222;Merkur<\/p>\n<p>US-General sagt Krieg zwischen USA und China f\u00fcr 2025 voraus<br \/>\nArtikel von Kathrin Reikowski \u2022 Gestern um 23:01&#8220;<\/p>\n<p>https:\/\/www.msn.com\/de-de\/nachrichten\/other\/us-general-sagt-krieg-zwischen-usa-und-china-f%C3%BCr-2025-voraus\/ar-AA16QAln?ocid=msedgntp&#038;cvid=d9a8367e93b54300a01a44e7b1924ca1<\/p>\n<p>&#8212; Bug\u00fcn YINE Nato Rusya ile sava\u015fa girmeye haz\u0131rm\u0131\u015f &#8212;<br \/>\nBIR\u2026<br \/>\nHarf bile, Allah korusun c\u00fcmlemizi. <\/p>\n<p>Iyi de\u011filim, bir kahve daha\u2026<br \/>\nD\u00fckk\u00e2na\u2026<br \/>\nDiki\u015f dikmeye, yamac\u0131 \u00e7\u0131ra\u011f\u0131\u2026<br \/>\nYOK\u2026<br \/>\nM\u00fc\u015fteri i\u015fi de\u011fil, kendime \u00d6ZEL\u2026<br \/>\nBir \u201cproje\u201d<\/p>\n<p>9mm\u2026<br \/>\nKur\u015funlara \u00f6zel kap!<br \/>\nYay\u0131nlar\u0131m bitince.<\/p>\n<p><ins datetime=\"2023-01-29T01:25:25+00:00\"><strong>D\u00f6rt \u00e7e\u015fit mermi, hani dedim ya sanki ben bilmiyorum ne yapt\u0131\u011f\u0131m\u0131\u2026<br \/>\nBalistik falan\u2026<br \/>\nAnlat\u0131r\u0131m bir ara HIMARS roketleri \u00fczerinden\u2026<br \/>\n>>> M142 High Mobility Artillery Rocket System <<<<\/strong><\/ins><\/p>\n<p>ADILER\u2026<br \/>\n\u00c7ocuk vard\u0131 kar\u015f\u0131lar\u0131nda!<\/p>\n","protected":false},"excerpt":{"rendered":"<p>&#8222;Nationalsozialistische Rassenlehre Die Geschichte der Eugenik-Verbrechen Die Eugenik ist die Lehre der vermeintlich guten Erbanlagen. Bis in die 2000er-Jahre wurden auf Grundlage dieser Ideologie Menschen zwangssterilisiert. Ihre Wurzeln reichen bis in die Mitte des 19. Jahrhunderts. Von Beate Krol Die Wurzeln der Eugenik Die Eugenik beruft sich auf die Evolutionslehre, die der britische Naturforscher Charles &hellip; <\/p>\n<p class=\"link-more\"><a href=\"http:\/\/wordpress.gurbuz.net\/?p=118237\" class=\"more-link\"><span class=\"screen-reader-text\">\u201e&#8212; Eugenik &#8212; machen wir weiter mit AMerika, auch England(!)\u201c<\/span> weiterlesen<\/a><\/p>\n","protected":false},"author":1,"featured_media":0,"comment_status":"open","ping_status":"open","sticky":false,"template":"","format":"standard","meta":[],"categories":[1],"tags":[],"_links":{"self":[{"href":"http:\/\/wordpress.gurbuz.net\/index.php?rest_route=\/wp\/v2\/posts\/118237"}],"collection":[{"href":"http:\/\/wordpress.gurbuz.net\/index.php?rest_route=\/wp\/v2\/posts"}],"about":[{"href":"http:\/\/wordpress.gurbuz.net\/index.php?rest_route=\/wp\/v2\/types\/post"}],"author":[{"embeddable":true,"href":"http:\/\/wordpress.gurbuz.net\/index.php?rest_route=\/wp\/v2\/users\/1"}],"replies":[{"embeddable":true,"href":"http:\/\/wordpress.gurbuz.net\/index.php?rest_route=%2Fwp%2Fv2%2Fcomments&post=118237"}],"version-history":[{"count":15,"href":"http:\/\/wordpress.gurbuz.net\/index.php?rest_route=\/wp\/v2\/posts\/118237\/revisions"}],"predecessor-version":[{"id":118253,"href":"http:\/\/wordpress.gurbuz.net\/index.php?rest_route=\/wp\/v2\/posts\/118237\/revisions\/118253"}],"wp:attachment":[{"href":"http:\/\/wordpress.gurbuz.net\/index.php?rest_route=%2Fwp%2Fv2%2Fmedia&parent=118237"}],"wp:term":[{"taxonomy":"category","embeddable":true,"href":"http:\/\/wordpress.gurbuz.net\/index.php?rest_route=%2Fwp%2Fv2%2Fcategories&post=118237"},{"taxonomy":"post_tag","embeddable":true,"href":"http:\/\/wordpress.gurbuz.net\/index.php?rest_route=%2Fwp%2Fv2%2Ftags&post=118237"}],"curies":[{"name":"wp","href":"https:\/\/api.w.org\/{rel}","templated":true}]}}