{"id":114870,"date":"2022-12-27T14:10:37","date_gmt":"2022-12-27T14:10:37","guid":{"rendered":"http:\/\/wordpress.gurbuz.net\/?p=114870"},"modified":"2022-12-27T15:18:00","modified_gmt":"2022-12-27T15:18:00","slug":"ben-biz-neden-boeyleyiz-biz-derken-annem-ve-ben","status":"publish","type":"post","link":"http:\/\/wordpress.gurbuz.net\/?p=114870","title":{"rendered":"BEN, biz neden b\u00f6yleyiz? Biz derken annem ve ben"},"content":{"rendered":"<p>Rahmetli babam\u0131n eli \u00e7ok a\u00e7\u0131kt\u0131, validenin de \u00f6yle\u2026<br \/>\nEskiden, hala eli a\u00e7\u0131k BIZE. Can\u0131n\u0131 iste\u2026<br \/>\nYEMINLE.<\/p>\n<p>F\u00fcsun Han\u0131m, annemin demesi tam bir \u0130stanbul Han\u0131mefendisi\u2026<br \/>\nSigortac\u0131m\u0131z\u2026<br \/>\nDAS Sigortas\u0131, yenilenmeli. Kad\u0131nca\u011f\u0131z ta ne zaman bildirdi. Unuttum gitti\u2026<br \/>\nTayyipistan ora, sigorta\u2026<br \/>\nDuyda inanma AMA kanuni zorunluluk\u2026<br \/>\nPazar g\u00fcn\u00fc yine valideyi aram\u0131\u015f, d\u00fcn tatildi biliyorsunuz\u2026.<br \/>\nBug\u00fcn gittim DIKKAT yok bu de\u011fil ama asl\u0131nda yazmal\u0131 Almanca\u2026<br \/>\nANLAMAZ\u2026<br \/>\nAnlamaz Alman diyeceklerimi\u2026<br \/>\nBILIYORUM YA\u2026<br \/>\nEMINIM yani.<\/p>\n<p>Anlamayaca\u011f\u0131mdan eminim, 50 Euro\u2026<br \/>\nDaha do\u011frusu 39, ben elli yollayacakt\u0131m. Kad\u0131n ta buralara telefon ediyor falan\u2026<br \/>\n640 Tayyip Liras\u0131, ya alt\u0131 y\u00fcz k\u0131rka DAS m\u0131 olur?<br \/>\nBu konu ba\u015fka\u2026<br \/>\n\u0130\u015fte 640 Lira laz\u0131m. Gittim\u2026<br \/>\nDedim ya yollayacakt\u0131m. 50 Euro ya\u2026<br \/>\n&#8212; ELLI &#8212;-<\/p>\n<p>HATIRLA\u2026<br \/>\nYunanl\u0131 Avrupa Birli\u011fi vekilli, y\u00fcz binler\u2026<br \/>\nYok\u2026<br \/>\nAyakkab\u0131 kutular\u0131nda de\u011fil, bavullarda po\u015fetlerde falan\u2026<br \/>\n50\u2026<br \/>\nElli Euro yollayacakt\u0131m. 600.000 Euro muydu?<br \/>\nGaliba, vekilde bulunan r\u00fc\u015fvet paras\u0131\u2026<br \/>\n&#8212; Kara Para &#8212;<\/p>\n<p>Ha ora\u2026<br \/>\nHa bura AMA\u2026<br \/>\nSen ve ben yollamak istersek 50 Euro\u2026<br \/>\nKara Para \u201cAKlama\u201d nereden buldun bilmem nesi\u2026<br \/>\nYollayamad\u0131m iyi mi\u2026<br \/>\nNedeni\u2026<br \/>\nKafaka\u011f\u0131d\u0131n\u0131n s\u00fcresi bitmi\u015f, BILGISAYAR\u2026<br \/>\nHay\u0131r dedi. H\u00fcviyetsiz OLMAZ\u2026<br \/>\nNereden buldun lan 50 Euroyu???<\/p>\n<p>Zavall\u0131y\u0131z, zavall\u0131\u2026<br \/>\nSen ve ben zavall\u0131\u2026<br \/>\nZavall\u0131.<\/p>\n<p>\u00d6nder a\u00e7t\u0131 m\u0131 a\u011fz\u0131n\u0131\u2026<br \/>\nOluyor\u2026<br \/>\nKomplo kuramc\u0131s\u0131!<\/p>\n<p>Neyse gelelim soruma\u2026<br \/>\nYar\u0131na, pasaport ile birlikte\u2026<br \/>\nHELAL olsun T\u00fcrkiye\u2019ye, Tayyipistana\u2026<br \/>\nAlman pasaportuyla, MECBUR BIRAKTILAR\u2026<br \/>\nMECBUR\u2026<br \/>\nUlan %99 \u00f6l\u00fc bir insan\u2026<br \/>\nY\u00fczde doksan dokuz!<\/p>\n<p>Konu\u015fuyoruz demin annemle\u2026<br \/>\nYa biz mi yanl\u0131\u015f\u0131z yoksa millet mi?<br \/>\nParac\u0131 m\u0131y\u0131z, cimri?<\/p>\n<p>\u00c7ok d\u00fc\u015f\u00fcnm\u00fc\u015f\u00fcmd\u00fcr bu soruyu\u2026<br \/>\nHAYIR\u2026<br \/>\nDe\u011filiz, o olsun ben. O ya\u015f\u0131 itibar\u0131yla, ben sa\u011fl\u0131\u011f\u0131mla\u2026<br \/>\nSadece F\u00fcsun Hanim de\u011fil ki, HEPSI\u2026<br \/>\nMesela sevdiklerim T\u00fcrkiye de\u2026<br \/>\nBilmiyorlar \u2026 deli\u011fini.<\/p>\n<p>El ekmek tutmaz oldu, bunu 24 ya\u015f\u0131mdan beri BILIYORDUM\u2026<br \/>\nO g\u00fcn gelecekti, GELDI\u2026<br \/>\nGidenin yeri\u2026<br \/>\n&#8212; Bo\u015f kal\u0131yor &#8212;<br \/>\nYerine konmuyor, \u201cayaktay\u0131z\u201d AMAAA\u2026<br \/>\n\u2026<br \/>\nEvlat bile, ben dikkat etmeyece\u011fimde KIM EDECEK?<\/p>\n<p><ins datetime=\"2022-12-27T15:09:13+00:00\"><strong>Kime g\u00fcvenece\u011fim, kime g\u00fcvenebilirim\u2026<br \/>\nAlman devleti BILE\u2026<br \/>\nG\u00f6rm\u00fcyor, okumuyor musunuz?<br \/>\n\u2026<br \/>\nBEN neme, kime g\u00fcvenebilirim bundan sonra?<\/p>\n<p>Anca\u2026<br \/>\nParama ge\u00e7er naz\u0131m, s\u00f6z\u00fcm.<\/p>\n<p>NOKTA<\/strong><\/ins><\/p>\n<p>*<\/p>\n<p><ins datetime=\"2022-12-27T14:36:15+00:00\"><strong>\u00f6l\u00fcm\u00fc g\u00f6sterip s\u0131tmaya raz\u0131 etmek<\/strong><\/ins>&#8230;<br \/>\nBEN&#8230;<br \/>\n\u00d6nderim&#8230;<br \/>\nNeler g\u00f6rd\u00fc g\u00f6zlerim!<\/p>\n<p>Ata dediklerin\u2026<br \/>\nATADIR\u2026<br \/>\nBilirse d\u00fcn\u00fc, ya\u015farsa bug\u00fcn\u00fc\u2026<br \/>\nG\u00f6r\u00fcrse yar\u0131nlar\u0131, d\u00fc\u015f\u00fcn\u00fcr uyar\u0131rsa\u2026<br \/>\nGelecek nesilLERI!<\/p>\n<p>Bundan 600 sene \u00d6NCESI\u2026<br \/>\nJaponya\u2026<br \/>\nTabii deprem \u00fclkesi, tsunami\u2026<br \/>\nCan pazar\u0131, say\u0131s\u0131 belli de\u011filmi\u015f \u00f6lenlerin\u2026<br \/>\nYIKIMIN.<\/p>\n<p>Ta\u015f dikmi\u015fler, yazm\u0131\u015flar \u00fczerine\u2026<br \/>\nBu ta\u015f\u0131n alt\u0131na EV YAPMA\u2026<br \/>\nYerle\u015fme!<\/p>\n<p><img src=\"https:\/\/cdn.prod.www.spiegel.de\/images\/51ceb20e-0001-0004-0000-000000202346_w996_r1.778_fpx49.98_fpy35.2.jpg\" alt=\"\" \/><\/p>\n<p>600 sene \u00f6nce, 2011 ve \u00f6ncesi kurtard\u0131\u011f\u0131 can\u0131n &#8211; mal\u0131n say\u0131s\u0131 belli de\u011fil\u2026<br \/>\nAtamd\u0131r ATAM\u2026<br \/>\nB\u0131rak bir sonras\u0131n\u0131\u2026<br \/>\nAloooooooooooooooooooooo\u2026<br \/>\nT\u00fcrkiye\u2019yi*<br \/>\n&#8212; G\u00fcn\u00fcbirli\u011fi &#8212;<br \/>\nD\u00fc\u015f\u00fcn\u00fcrse gelecek nesilLERI! <\/p>\n<p>* yok BILEREK T\u00fcrkiye yazd\u0131m, Tayyipistan de\u011fil <\/p>\n<p><a href=\"https:\/\/www.spiegel.de\/wissenschaft\/natur\/mahnung-der-vorfahren-wegsteine-in-nordjapan-warnten-vor-tsunamis-a-756622.html\" rel=\"noopener\" target=\"_blank\">OKU, Almancan varsa<\/a><\/p>\n","protected":false},"excerpt":{"rendered":"<p>Rahmetli babam\u0131n eli \u00e7ok a\u00e7\u0131kt\u0131, validenin de \u00f6yle\u2026 Eskiden, hala eli a\u00e7\u0131k BIZE. Can\u0131n\u0131 iste\u2026 YEMINLE. F\u00fcsun Han\u0131m, annemin demesi tam bir \u0130stanbul Han\u0131mefendisi\u2026 Sigortac\u0131m\u0131z\u2026 DAS Sigortas\u0131, yenilenmeli. Kad\u0131nca\u011f\u0131z ta ne zaman bildirdi. Unuttum gitti\u2026 Tayyipistan ora, sigorta\u2026 Duyda inanma AMA kanuni zorunluluk\u2026 Pazar g\u00fcn\u00fc yine valideyi aram\u0131\u015f, d\u00fcn tatildi biliyorsunuz\u2026. Bug\u00fcn gittim DIKKAT yok &hellip; <\/p>\n<p class=\"link-more\"><a href=\"http:\/\/wordpress.gurbuz.net\/?p=114870\" class=\"more-link\"><span class=\"screen-reader-text\">\u201eBEN, biz neden b\u00f6yleyiz? Biz derken annem ve ben\u201c<\/span> weiterlesen<\/a><\/p>\n","protected":false},"author":1,"featured_media":0,"comment_status":"open","ping_status":"open","sticky":false,"template":"","format":"standard","meta":[],"categories":[1],"tags":[],"_links":{"self":[{"href":"http:\/\/wordpress.gurbuz.net\/index.php?rest_route=\/wp\/v2\/posts\/114870"}],"collection":[{"href":"http:\/\/wordpress.gurbuz.net\/index.php?rest_route=\/wp\/v2\/posts"}],"about":[{"href":"http:\/\/wordpress.gurbuz.net\/index.php?rest_route=\/wp\/v2\/types\/post"}],"author":[{"embeddable":true,"href":"http:\/\/wordpress.gurbuz.net\/index.php?rest_route=\/wp\/v2\/users\/1"}],"replies":[{"embeddable":true,"href":"http:\/\/wordpress.gurbuz.net\/index.php?rest_route=%2Fwp%2Fv2%2Fcomments&post=114870"}],"version-history":[{"count":14,"href":"http:\/\/wordpress.gurbuz.net\/index.php?rest_route=\/wp\/v2\/posts\/114870\/revisions"}],"predecessor-version":[{"id":114886,"href":"http:\/\/wordpress.gurbuz.net\/index.php?rest_route=\/wp\/v2\/posts\/114870\/revisions\/114886"}],"wp:attachment":[{"href":"http:\/\/wordpress.gurbuz.net\/index.php?rest_route=%2Fwp%2Fv2%2Fmedia&parent=114870"}],"wp:term":[{"taxonomy":"category","embeddable":true,"href":"http:\/\/wordpress.gurbuz.net\/index.php?rest_route=%2Fwp%2Fv2%2Fcategories&post=114870"},{"taxonomy":"post_tag","embeddable":true,"href":"http:\/\/wordpress.gurbuz.net\/index.php?rest_route=%2Fwp%2Fv2%2Ftags&post=114870"}],"curies":[{"name":"wp","href":"https:\/\/api.w.org\/{rel}","templated":true}]}}