{"id":11462,"date":"2018-07-14T18:38:12","date_gmt":"2018-07-14T18:38:12","guid":{"rendered":"http:\/\/wordpress.gurbuz.net\/?p=11462"},"modified":"2018-07-14T18:38:12","modified_gmt":"2018-07-14T18:38:12","slug":"bu-yine-sana","status":"publish","type":"post","link":"http:\/\/wordpress.gurbuz.net\/?p=11462","title":{"rendered":"Bu yine SANA"},"content":{"rendered":"<p><a href=\"https:\/\/www.ardmediathek.de\/tv\/Reportage-Dokumentation\/Geheimnisvolle-Orte-4\/Das-Erste\/Video?bcastId=799280&#038;documentId=53936354\" rel=\"noopener\" target=\"_blank\">izle<\/a><\/p>\n<p>\u0130zlerken bunlar\u0131 da unutma, bug\u00fcn g\u00f6rd\u00fc\u011f\u00fcn Kud\u00fcs\u2026<br \/>\nO g\u00fcnlerin Kud\u00fcs\u2019\u00fc de\u011fil, 3000 sene\u2026<br \/>\nTas, toprak, toz\u2026<br \/>\nO g\u00fcnlerin Kud\u00fcs\u2019\u00fc 8 metre kadar yerin alt\u0131nda!<\/p>\n<p>Peygamber Efendimiz\u2026<br \/>\nO kaya\u2026<br \/>\nBilmiyordum yeni \u00f6\u011frendim, Peygamber Efendimizin g\u00f6\u011fe y\u00fckseldi\u011fi s\u00f6ylenen kaya ayn\u0131 zamanda Hz. \u0130brahim\u2019in o\u011flunu kurban edece\u011fi kayaym\u0131\u015f. Bilmiyordum. Sonra benim s\u0131pan\u0131n ismi\u2026<br \/>\nDikkat et bak ne g\u00fczel anlat\u0131yorlar anlam\u0131n\u0131!<\/p>\n<p>&#x1f60a;<\/p>\n","protected":false},"excerpt":{"rendered":"<p>izle \u0130zlerken bunlar\u0131 da unutma, bug\u00fcn g\u00f6rd\u00fc\u011f\u00fcn Kud\u00fcs\u2026 O g\u00fcnlerin Kud\u00fcs\u2019\u00fc de\u011fil, 3000 sene\u2026 Tas, toprak, toz\u2026 O g\u00fcnlerin Kud\u00fcs\u2019\u00fc 8 metre kadar yerin alt\u0131nda! Peygamber Efendimiz\u2026 O kaya\u2026 Bilmiyordum yeni \u00f6\u011frendim, Peygamber Efendimizin g\u00f6\u011fe y\u00fckseldi\u011fi s\u00f6ylenen kaya ayn\u0131 zamanda Hz. \u0130brahim\u2019in o\u011flunu kurban edece\u011fi kayaym\u0131\u015f. Bilmiyordum. Sonra benim s\u0131pan\u0131n ismi\u2026 Dikkat et bak ne &hellip; <\/p>\n<p class=\"link-more\"><a href=\"http:\/\/wordpress.gurbuz.net\/?p=11462\" class=\"more-link\"><span class=\"screen-reader-text\">\u201eBu yine SANA\u201c<\/span> weiterlesen<\/a><\/p>\n","protected":false},"author":1,"featured_media":0,"comment_status":"open","ping_status":"open","sticky":false,"template":"","format":"standard","meta":[],"categories":[1],"tags":[],"_links":{"self":[{"href":"http:\/\/wordpress.gurbuz.net\/index.php?rest_route=\/wp\/v2\/posts\/11462"}],"collection":[{"href":"http:\/\/wordpress.gurbuz.net\/index.php?rest_route=\/wp\/v2\/posts"}],"about":[{"href":"http:\/\/wordpress.gurbuz.net\/index.php?rest_route=\/wp\/v2\/types\/post"}],"author":[{"embeddable":true,"href":"http:\/\/wordpress.gurbuz.net\/index.php?rest_route=\/wp\/v2\/users\/1"}],"replies":[{"embeddable":true,"href":"http:\/\/wordpress.gurbuz.net\/index.php?rest_route=%2Fwp%2Fv2%2Fcomments&post=11462"}],"version-history":[{"count":2,"href":"http:\/\/wordpress.gurbuz.net\/index.php?rest_route=\/wp\/v2\/posts\/11462\/revisions"}],"predecessor-version":[{"id":11464,"href":"http:\/\/wordpress.gurbuz.net\/index.php?rest_route=\/wp\/v2\/posts\/11462\/revisions\/11464"}],"wp:attachment":[{"href":"http:\/\/wordpress.gurbuz.net\/index.php?rest_route=%2Fwp%2Fv2%2Fmedia&parent=11462"}],"wp:term":[{"taxonomy":"category","embeddable":true,"href":"http:\/\/wordpress.gurbuz.net\/index.php?rest_route=%2Fwp%2Fv2%2Fcategories&post=11462"},{"taxonomy":"post_tag","embeddable":true,"href":"http:\/\/wordpress.gurbuz.net\/index.php?rest_route=%2Fwp%2Fv2%2Ftags&post=11462"}],"curies":[{"name":"wp","href":"https:\/\/api.w.org\/{rel}","templated":true}]}}