{"id":11399,"date":"2018-07-12T11:34:48","date_gmt":"2018-07-12T11:34:48","guid":{"rendered":"http:\/\/wordpress.gurbuz.net\/?p=11399"},"modified":"2018-07-12T11:38:24","modified_gmt":"2018-07-12T11:38:24","slug":"gecenlerde-yazmistim-duesuencelerimi-akpnin-ardindaki-belirleyici-guec-kim-diye","status":"publish","type":"post","link":"http:\/\/wordpress.gurbuz.net\/?p=11399","title":{"rendered":"Ge\u00e7enlerde yazm\u0131\u015ft\u0131m d\u00fc\u015f\u00fcncelerimi, AKP\u2019nin ard\u0131ndaki BELIRLEYICI g\u00fc\u00e7 kim diye"},"content":{"rendered":"<p>Yok ya halk\u0131 falan ge\u00e7 sen\u2026<br \/>\nBilmezmi\u015f gibi konu\u015fursun bizim insanlar\u0131\u2026<br \/>\nG\u00f6r\u00fcyoruz i\u015fte, halka soruldu\u011funda kim, ne, neyin nesi BIR HABERLER\u2026<br \/>\nG\u00f6r\u00fcyoruz televizyonlarda\u2026<br \/>\nBilimsel temellere dayanan bir y\u00f6nlendirme var. TSK\u2026<br \/>\nBir zamanlar vard\u0131 ya bir T\u00fcrk Silahl\u0131 Kuvvetleri, milletimizin Mehmet\u00e7i\u011fi\u2026<br \/>\nAnlatm\u0131\u015f\u0131md\u0131r \u00e7ocuklu\u011fumdan beri sorunludur Avrupa Birli\u011finin bak\u0131\u015f\u0131 TSK\u2019ya\u2026<br \/>\nGen\u00e7ler i\u00e7in hat\u0131rlatmak anlam\u0131nda\u2026<br \/>\nAB(D) Ortado\u011fu siyasetine TSK \u0131k, m\u0131k etti\u2026<br \/>\nHata, Allah rahmet eylesin Pa\u015fam\u0131z bile kim vurdu ya gitti\u2026<br \/>\nArd\u0131ndan, y\u0131llara yay\u0131lmak \u00fczere\u2026<br \/>\nBir\u00e7ok \u00e7ok \u00f6nemli bilim insanlar\u0131m\u0131z \u201ckazaya\u201d kurban verildi\u2026<br \/>\nTe o g\u00fcnlerden bug\u00fcne AB(D) TSK\u2019yi tasfiye pe\u015finde\u2026<br \/>\nBenim buralarda tuzum kuru iken\u2026<br \/>\nDelirirken g\u00f6rd\u00fck\u00e7e ge\u00e7ekleri Mehmet\u00e7ik ki T\u00fcrk\u2019\u00fcn evlad\u0131ysa \u00fcz\u00fclmez mi?<\/p>\n<p>\u0130nan k\u00fc\u00e7\u00fcmseme, hor g\u00f6rme de\u011fil. Vallahi billahi de\u011fil\u2026<br \/>\nGer\u00e7ek \u015fu ki insanlar k\u0131smen duyars\u0131z, g\u00fcnl\u00fck kendi dertlerinde. Bu her yerde b\u00f6yle her yerde\u2026<br \/>\nBen hep Amerikal\u0131y\u0131 su\u00e7larken ARTIK EMINIM b\u00fcy\u00fck \u00e7apta \u0130ngiliz parma\u011f\u0131\u2026<br \/>\nD\u00fcnya g\u00fc\u00e7 dengesinde, dengesizlik hele hele Trump gibi yarat\u0131klar sayesinde iyice artarken bak \u0130ngiliz toparlad\u0131 gene. Ist\u0131falar\u0131n ard\u0131ndan ya\u015fanan sars\u0131nt\u0131 iyi \u2013 k\u00f6t\u00fc atlat\u0131ld\u0131.<\/p>\n<p>SIYASET b\u00f6yle bir \u015fey\u2026<br \/>\nBir devlete ve sistemine G\u00dcVEN\u2026<br \/>\nBak Tayyipistana, piyasa ayaklar alt\u0131nda\u2026<br \/>\nYok karde\u015fim profesyonel ordu falan hepsi tahkiye, takiye demedim tahkiye\u2026<br \/>\nArt\u0131k hedefte ki eridi bitti bizleri koruyabilecek TSK\u2026<br \/>\nHedefte t\u00fcm T\u00fcrkiye!<\/p>\n<p>Neden mi yazd\u0131m t\u00fcm bunlar\u0131\u2026<br \/>\nUyarmaktan b\u0131kt\u0131m, asl\u0131nda UMURUMDA bile de\u011filsiniz\u2026<br \/>\nDerdim evlatlar, evlad\u0131m, evlatlar\u0131m\u0131z\u2026<br \/>\nHani umutlar en son s\u00f6nermi\u015f ya, o hesap benim ki\u2026<br \/>\nBir \u00e7\u0131\u011fl\u0131k, bir feryat!<\/p>\n<p>Hep diyorum sizlere\u2026<br \/>\n\u00c7\u0131kar\u0131n at g\u00f6zl\u00fcklerini, g\u00f6r\u00fcn d\u00fcnyay\u0131\u2026<br \/>\nG\u00f6r\u00fcn YALIN ger\u00e7ekleri!<\/p>\n<p>Trump\u2026<br \/>\nG\u00fcnlerden beri neden g.t\u00fcn\u00fc y\u0131rt\u0131yor?<br \/>\nBo\u015f ver sen Blue Stream\u2019i (mavi akim projesi), Iran karde\u015fim Iran\u2026<br \/>\nSON KALLE ondan sonra s\u0131ra bizde. Nord Stream II\u2026<br \/>\n\u015eans\u0131m\u0131z yok gibi. Hele hele bu k\u00f6r cehaletle, kendi derdinde\u2026<br \/>\nCebimi nas\u0131l daha \u00e7ok doldururum, milletin nas\u0131l DAHA G\u00dcZEL a\u2019s\u0131na koyar\u0131m derdindekilerle!<\/p>\n<p>Hayaldi ger\u00e7ek olacak gibi\u2026<br \/>\nNe benim \u0130ngiliz ile bir derdim var ne Israil ile\u2026<br \/>\nAMA\u2026<br \/>\nSiyasetleri tiksindirdi!<\/p>\n","protected":false},"excerpt":{"rendered":"<p>Yok ya halk\u0131 falan ge\u00e7 sen\u2026 Bilmezmi\u015f gibi konu\u015fursun bizim insanlar\u0131\u2026 G\u00f6r\u00fcyoruz i\u015fte, halka soruldu\u011funda kim, ne, neyin nesi BIR HABERLER\u2026 G\u00f6r\u00fcyoruz televizyonlarda\u2026 Bilimsel temellere dayanan bir y\u00f6nlendirme var. TSK\u2026 Bir zamanlar vard\u0131 ya bir T\u00fcrk Silahl\u0131 Kuvvetleri, milletimizin Mehmet\u00e7i\u011fi\u2026 Anlatm\u0131\u015f\u0131md\u0131r \u00e7ocuklu\u011fumdan beri sorunludur Avrupa Birli\u011finin bak\u0131\u015f\u0131 TSK\u2019ya\u2026 Gen\u00e7ler i\u00e7in hat\u0131rlatmak anlam\u0131nda\u2026 AB(D) Ortado\u011fu siyasetine &hellip; <\/p>\n<p class=\"link-more\"><a href=\"http:\/\/wordpress.gurbuz.net\/?p=11399\" class=\"more-link\"><span class=\"screen-reader-text\">\u201eGe\u00e7enlerde yazm\u0131\u015ft\u0131m d\u00fc\u015f\u00fcncelerimi, AKP\u2019nin ard\u0131ndaki BELIRLEYICI g\u00fc\u00e7 kim diye\u201c<\/span> weiterlesen<\/a><\/p>\n","protected":false},"author":1,"featured_media":0,"comment_status":"open","ping_status":"open","sticky":false,"template":"","format":"standard","meta":[],"categories":[1],"tags":[],"_links":{"self":[{"href":"http:\/\/wordpress.gurbuz.net\/index.php?rest_route=\/wp\/v2\/posts\/11399"}],"collection":[{"href":"http:\/\/wordpress.gurbuz.net\/index.php?rest_route=\/wp\/v2\/posts"}],"about":[{"href":"http:\/\/wordpress.gurbuz.net\/index.php?rest_route=\/wp\/v2\/types\/post"}],"author":[{"embeddable":true,"href":"http:\/\/wordpress.gurbuz.net\/index.php?rest_route=\/wp\/v2\/users\/1"}],"replies":[{"embeddable":true,"href":"http:\/\/wordpress.gurbuz.net\/index.php?rest_route=%2Fwp%2Fv2%2Fcomments&post=11399"}],"version-history":[{"count":3,"href":"http:\/\/wordpress.gurbuz.net\/index.php?rest_route=\/wp\/v2\/posts\/11399\/revisions"}],"predecessor-version":[{"id":11402,"href":"http:\/\/wordpress.gurbuz.net\/index.php?rest_route=\/wp\/v2\/posts\/11399\/revisions\/11402"}],"wp:attachment":[{"href":"http:\/\/wordpress.gurbuz.net\/index.php?rest_route=%2Fwp%2Fv2%2Fmedia&parent=11399"}],"wp:term":[{"taxonomy":"category","embeddable":true,"href":"http:\/\/wordpress.gurbuz.net\/index.php?rest_route=%2Fwp%2Fv2%2Fcategories&post=11399"},{"taxonomy":"post_tag","embeddable":true,"href":"http:\/\/wordpress.gurbuz.net\/index.php?rest_route=%2Fwp%2Fv2%2Ftags&post=11399"}],"curies":[{"name":"wp","href":"https:\/\/api.w.org\/{rel}","templated":true}]}}