{"id":113804,"date":"2022-12-17T15:22:49","date_gmt":"2022-12-17T15:22:49","guid":{"rendered":"http:\/\/wordpress.gurbuz.net\/?p=113804"},"modified":"2022-12-17T15:24:38","modified_gmt":"2022-12-17T15:24:38","slug":"prof-dr-harald-lesch","status":"publish","type":"post","link":"http:\/\/wordpress.gurbuz.net\/?p=113804","title":{"rendered":"Prof. Dr. Harald Lesch"},"content":{"rendered":"<p>1988: Otto-Hahn-Medaille der Max-Planck-Gesellschaft f\u00fcr seine Dissertation<br \/>\n1994: Bennigsen-Foerder-Preis des Landes Nordrhein-Westfalen (75.000 Euro): \u201eHeizung galaktischer Hochgeschwindigkeitswolken durch magnetische Rekonnexion\u201c<br \/>\n2004: Preis f\u00fcr Wissenschaftspublizistik der Gr\u00fcter-Stiftung (10.000 Euro)<br \/>\n2005: Communicator-Preis \u2013 Wissenschaftspreis der DFG und des Stifterverbandes f\u00fcr die Deutsche Wissenschaft (50.000 Euro): f\u00fcr seine Fernsehauftritte und Publikationen[22]<br \/>\n2005: Medaille f\u00fcr naturwissenschaftliche Publizistik der Deutschen Physikalischen Gesellschaft<br \/>\n2009: Medaille \u201eBene Merenti de Astronomia Norimbergensi\u201c in Gold der N\u00fcrnberger Astronomischen Gesellschaft[23]<br \/>\n2009: Deutscher IQ-Preis des Vereins Mensa in Deutschland: f\u00fcr die exzellente Moderation verschiedener popul\u00e4rwissenschaftlicher Fernsehsendungen und -beitr\u00e4ge<br \/>\n2009: Bruno-H.-B\u00fcrgel-Preis<br \/>\n2009: Pfeifenraucher des Jahres (Die Laudatio hielt der Musiker Stephan Sulke)<br \/>\n2011: Ehrenmitglied der Naturforschenden Gesellschaft zu Emden am 15. M\u00e4rz 2011: in Anerkennung seiner Verdienste, wissenschaftliche Erkenntnisse einer breiten \u00d6ffentlichkeit verst\u00e4ndlich zu machen[24]<br \/>\n2011: Ehrenmitglied des Physikalischen Vereins Frankfurt am Main[25]<br \/>\n2012: Hochschullehrer des Jahres (Deutschen Hochschulverband)[26][27]<br \/>\n2012: Bayerischer Fernsehpreis als Moderator der Sendung Abenteuer Forschung: Drillen oder Chillen? Der Weg zum Superkind<br \/>\n2012: Urania-Medaille f\u00fcr \u201eau\u00dferordentliches Engagement in der Wissenschaftsvermittlung\u201c<br \/>\n2016: Bayerische Verfassungsmedaille in Silber[28]<br \/>\n2017: Lorenz-Oken-Medaille der Gesellschaft Deutscher Naturforscher und \u00c4rzte (GDN\u00c4)<br \/>\n2018: Deutscher Fernsehpreis in der Kategorie \u201eBestes Infotainment\u201c<br \/>\n2018: Cicero-Rednerpreis<br \/>\n2019: Bayerischer Verdienstorden[29]<br \/>\n2019: Hanns-Joachim-Friedrichs-Preis[30]<br \/>\n2020: Deutscher Fernsehpreis in der Kategorie Bestes Infotainment<br \/>\n2020: Bayerischer Buchpreis \u2013 Ehrenpreis des Bayerischen Ministerpr\u00e4sidenten[31]<br \/>\n2020: Ehrennadel der Deutschen Physikalischen Gesellschaft[32]<\/p>\n<p>https:\/\/de.wikipedia.org\/wiki\/Harald_Lesch<\/p>\n<p>Ein Mensch vor dem ich die aller gr\u00f6\u00dfte Hochachtung empfinde<\/p>\n<p><iframe loading=\"lazy\" title=\"Harald Lesch: Der Mensch entdeckt die Welt | Mensch &amp; Klimawandel (15)\" width=\"525\" height=\"295\" src=\"https:\/\/www.youtube.com\/embed\/Nw0iVY25nsw?feature=oembed\" frameborder=\"0\" allow=\"accelerometer; autoplay; clipboard-write; encrypted-media; gyroscope; picture-in-picture\" allowfullscreen><\/iframe><\/p>\n<p>Mein Senf dazu &#8230; WIRD folgen!<\/p>\n<p>Oderrr\u2026<br \/>\nMachen wir es KURZ\u2026<br \/>\nEuropa\u2026<br \/>\nBis hinein nach Georgien ja!????????????????<\/p>\n<p>Hey\u2026<br \/>\nNOCH bin ich NICHT Tod!<\/p>\n","protected":false},"excerpt":{"rendered":"<p>1988: Otto-Hahn-Medaille der Max-Planck-Gesellschaft f\u00fcr seine Dissertation 1994: Bennigsen-Foerder-Preis des Landes Nordrhein-Westfalen (75.000 Euro): \u201eHeizung galaktischer Hochgeschwindigkeitswolken durch magnetische Rekonnexion\u201c 2004: Preis f\u00fcr Wissenschaftspublizistik der Gr\u00fcter-Stiftung (10.000 Euro) 2005: Communicator-Preis \u2013 Wissenschaftspreis der DFG und des Stifterverbandes f\u00fcr die Deutsche Wissenschaft (50.000 Euro): f\u00fcr seine Fernsehauftritte und Publikationen[22] 2005: Medaille f\u00fcr naturwissenschaftliche Publizistik der Deutschen &hellip; <\/p>\n<p class=\"link-more\"><a href=\"http:\/\/wordpress.gurbuz.net\/?p=113804\" class=\"more-link\"><span class=\"screen-reader-text\">\u201eProf. Dr. Harald Lesch\u201c<\/span> weiterlesen<\/a><\/p>\n","protected":false},"author":1,"featured_media":0,"comment_status":"open","ping_status":"open","sticky":false,"template":"","format":"standard","meta":[],"categories":[1],"tags":[],"_links":{"self":[{"href":"http:\/\/wordpress.gurbuz.net\/index.php?rest_route=\/wp\/v2\/posts\/113804"}],"collection":[{"href":"http:\/\/wordpress.gurbuz.net\/index.php?rest_route=\/wp\/v2\/posts"}],"about":[{"href":"http:\/\/wordpress.gurbuz.net\/index.php?rest_route=\/wp\/v2\/types\/post"}],"author":[{"embeddable":true,"href":"http:\/\/wordpress.gurbuz.net\/index.php?rest_route=\/wp\/v2\/users\/1"}],"replies":[{"embeddable":true,"href":"http:\/\/wordpress.gurbuz.net\/index.php?rest_route=%2Fwp%2Fv2%2Fcomments&post=113804"}],"version-history":[{"count":3,"href":"http:\/\/wordpress.gurbuz.net\/index.php?rest_route=\/wp\/v2\/posts\/113804\/revisions"}],"predecessor-version":[{"id":113807,"href":"http:\/\/wordpress.gurbuz.net\/index.php?rest_route=\/wp\/v2\/posts\/113804\/revisions\/113807"}],"wp:attachment":[{"href":"http:\/\/wordpress.gurbuz.net\/index.php?rest_route=%2Fwp%2Fv2%2Fmedia&parent=113804"}],"wp:term":[{"taxonomy":"category","embeddable":true,"href":"http:\/\/wordpress.gurbuz.net\/index.php?rest_route=%2Fwp%2Fv2%2Fcategories&post=113804"},{"taxonomy":"post_tag","embeddable":true,"href":"http:\/\/wordpress.gurbuz.net\/index.php?rest_route=%2Fwp%2Fv2%2Ftags&post=113804"}],"curies":[{"name":"wp","href":"https:\/\/api.w.org\/{rel}","templated":true}]}}