{"id":112735,"date":"2022-12-03T10:54:15","date_gmt":"2022-12-03T10:54:15","guid":{"rendered":"http:\/\/wordpress.gurbuz.net\/?p=112735"},"modified":"2022-12-03T12:13:42","modified_gmt":"2022-12-03T12:13:42","slug":"das-system-kapitalismus","status":"publish","type":"post","link":"http:\/\/wordpress.gurbuz.net\/?p=112735","title":{"rendered":"DAS System: Kapitalismus"},"content":{"rendered":"<p>Es war heute gegen 10:30<br \/>\nIch war unterwegs kam die Meldung durch\u2026<br \/>\nDIE Ampel WILL gegen die \u201eB\u00f6rse\u201c vorgehen\u2026<br \/>\nGEPLANTE Preissteigerungen f\u00fcr ca. 100 Produkte\u2026<br \/>\nW\u00e4ren dann nicht mehr m\u00f6glich\u2026<br \/>\nMan w\u00fcrde einen Rigel vorschieben, ein Riegel gegen\u2026<br \/>\nSpekulationen.<\/p>\n<p>Meine Leser, ja auch die deutschen WISSEN ES mittlerweile\u2026<br \/>\n\u2026<br \/>\nIch FINDE keine Worte\u2026<br \/>\nJedenfalls KEINE die mich nicht in Teufelsk\u00fcche bringen w\u00fcrden\u2026<br \/>\nNEIN\u2026<br \/>\nIch finde sie NICHT!<\/p>\n<p>Ja\u2026<br \/>\nMeine Damen und Herrn\u2026<br \/>\nDAS\u2026<br \/>\nSind EUERE gew\u00e4hlten und vereidigten Volksvertreter(!)<\/p>\n<p>Deckelt mal sch\u00f6n, \u00d6lpreis und so\u2026<br \/>\nWie sieht es mit \u00dcBER Zypern\u2026<br \/>\nDen Saudis und so aus?<\/p>\n<p>Heyyy\u2026<br \/>\nWIR die Menschen in Europa zahlen&#8230;<br \/>\nUns ist KALT, wir haben Angst&#8230;<br \/>\nIhr DINNER seiner Majest\u00e4t\u2026<br \/>\nUND AMerikas!<\/p>\n<p>Und \u00fcberhaupt was ist mit al den ehemaligen Ostblock L\u00e4ndern die ihr willentlich in die EU aufgenommen habt, \u00fcber LAND geht es WEITER mit dem russischen \u00d6l\u2026<br \/>\nSie h\u00e4tten ja keine H\u00e4fen und so\u2026<br \/>\nAhhh\u2026<br \/>\nHaut doch ab, macht euch vom Acker\u2026<br \/>\nBel\u00fcgt und betr\u00fcgt doch die Menschen nicht und vor allem euch selbst nicht\u2026<br \/>\nDie Menschen insbesondere in Deutschland und ja auch in Frankreich d\u00fcrfen die Zeche zahlen. <\/p>\n","protected":false},"excerpt":{"rendered":"<p>Es war heute gegen 10:30 Ich war unterwegs kam die Meldung durch\u2026 DIE Ampel WILL gegen die \u201eB\u00f6rse\u201c vorgehen\u2026 GEPLANTE Preissteigerungen f\u00fcr ca. 100 Produkte\u2026 W\u00e4ren dann nicht mehr m\u00f6glich\u2026 Man w\u00fcrde einen Rigel vorschieben, ein Riegel gegen\u2026 Spekulationen. Meine Leser, ja auch die deutschen WISSEN ES mittlerweile\u2026 \u2026 Ich FINDE keine Worte\u2026 Jedenfalls KEINE &hellip; <\/p>\n<p class=\"link-more\"><a href=\"http:\/\/wordpress.gurbuz.net\/?p=112735\" class=\"more-link\"><span class=\"screen-reader-text\">\u201eDAS System: Kapitalismus\u201c<\/span> weiterlesen<\/a><\/p>\n","protected":false},"author":1,"featured_media":0,"comment_status":"open","ping_status":"open","sticky":false,"template":"","format":"standard","meta":[],"categories":[1],"tags":[],"_links":{"self":[{"href":"http:\/\/wordpress.gurbuz.net\/index.php?rest_route=\/wp\/v2\/posts\/112735"}],"collection":[{"href":"http:\/\/wordpress.gurbuz.net\/index.php?rest_route=\/wp\/v2\/posts"}],"about":[{"href":"http:\/\/wordpress.gurbuz.net\/index.php?rest_route=\/wp\/v2\/types\/post"}],"author":[{"embeddable":true,"href":"http:\/\/wordpress.gurbuz.net\/index.php?rest_route=\/wp\/v2\/users\/1"}],"replies":[{"embeddable":true,"href":"http:\/\/wordpress.gurbuz.net\/index.php?rest_route=%2Fwp%2Fv2%2Fcomments&post=112735"}],"version-history":[{"count":8,"href":"http:\/\/wordpress.gurbuz.net\/index.php?rest_route=\/wp\/v2\/posts\/112735\/revisions"}],"predecessor-version":[{"id":112743,"href":"http:\/\/wordpress.gurbuz.net\/index.php?rest_route=\/wp\/v2\/posts\/112735\/revisions\/112743"}],"wp:attachment":[{"href":"http:\/\/wordpress.gurbuz.net\/index.php?rest_route=%2Fwp%2Fv2%2Fmedia&parent=112735"}],"wp:term":[{"taxonomy":"category","embeddable":true,"href":"http:\/\/wordpress.gurbuz.net\/index.php?rest_route=%2Fwp%2Fv2%2Fcategories&post=112735"},{"taxonomy":"post_tag","embeddable":true,"href":"http:\/\/wordpress.gurbuz.net\/index.php?rest_route=%2Fwp%2Fv2%2Ftags&post=112735"}],"curies":[{"name":"wp","href":"https:\/\/api.w.org\/{rel}","templated":true}]}}