{"id":112724,"date":"2022-12-03T08:39:33","date_gmt":"2022-12-03T08:39:33","guid":{"rendered":"http:\/\/wordpress.gurbuz.net\/?p=112724"},"modified":"2022-12-03T08:53:42","modified_gmt":"2022-12-03T08:53:42","slug":"und-ich-habe-das-was-weiss-ich-wann-schon-gesagt","status":"publish","type":"post","link":"http:\/\/wordpress.gurbuz.net\/?p=112724","title":{"rendered":"Und ich habe DAS was wei\u00df ich wann schon gesagt"},"content":{"rendered":"<p>ES GIBT sovieles ich KANN&#8230;<br \/>\nAber ich bin nicht allein auf der Welt!<\/p>\n<p>&#8222;Kalte Winter in Europa, oder: Der Plan B der USA<br \/>\n<strong>3 Dez. 2022 07:45 Uhr<\/strong><br \/>\nMit dem langen Krieg, in den die NATO Russland ziehen wollte, wird es wohl eher nichts werden, daf\u00fcr droht aber die Deindustrialisierung Europas. Es sieht danach aus, als g\u00e4be es doch einen Plan B in den USA; ein Plan, dessen Kern darin besteht, Europa zu opfern.<\/p>\n<p>Von Dagmar Henn<\/p>\n<p>Nun hat sich also Emmanuel Macron bei Joe Biden entr\u00fcstet gezeigt \u00fcber das Inflationsbek\u00e4mpfungsgesetz (Inflation Reduction Act, IRA), das mit seinen Subventionen f\u00fcr Industriebetriebe zusammen mit der Strangulation der westeurop\u00e4ischen Energieversorgung geradezu wie ein Staubsauger die europ\u00e4ische Industrie aufzusaugen droht. Oder wie die blaue Elise in den Zeichentrickfilmen der 1960er; nur, dass die europ\u00e4ischen Regierungen nicht die List der Ameise aufbringen, die sich erfolgreich dagegen wehrt, in den R\u00fcssel gesogen zu werden.&#8220;<\/p>\n<p><a href=\"https:\/\/pressefreiheit.rtde.live\/meinung\/156167-kalte-winter-in-europa-oder-der-plan-b-der-usa\/\" rel=\"noopener\" target=\"_blank\">Alles weitere<\/a><\/p>\n<p><img src=\"http:\/\/www.gurbuz.net\/Yeni\/031222.JPG\" alt=\"\" \/><\/p>\n<p>Zu lang&#8230;<br \/>\nZu tief&#8230;<br \/>\nZuuu viel&#8230;<br \/>\nViel&#8230;<br \/>\nZuviel.<\/p>\n<p>Jungs&#8230;<br \/>\nIch WILL meine 9mm<br \/>\nAMerika ist dein Freund UND dein Verb\u00fcndeter&#8230;<br \/>\nJaaa????<\/p>\n<p><img src=\"http:\/\/www.gurbuz.net\/Yeni\/031222-1.JPG\" alt=\"\" \/><\/p>\n<p>In zwei Tagen<\/p>\n","protected":false},"excerpt":{"rendered":"<p>ES GIBT sovieles ich KANN&#8230; Aber ich bin nicht allein auf der Welt! &#8222;Kalte Winter in Europa, oder: Der Plan B der USA 3 Dez. 2022 07:45 Uhr Mit dem langen Krieg, in den die NATO Russland ziehen wollte, wird es wohl eher nichts werden, daf\u00fcr droht aber die Deindustrialisierung Europas. Es sieht danach aus, &hellip; <\/p>\n<p class=\"link-more\"><a href=\"http:\/\/wordpress.gurbuz.net\/?p=112724\" class=\"more-link\"><span class=\"screen-reader-text\">\u201eUnd ich habe DAS was wei\u00df ich wann schon gesagt\u201c<\/span> weiterlesen<\/a><\/p>\n","protected":false},"author":1,"featured_media":0,"comment_status":"open","ping_status":"open","sticky":false,"template":"","format":"standard","meta":[],"categories":[1],"tags":[],"_links":{"self":[{"href":"http:\/\/wordpress.gurbuz.net\/index.php?rest_route=\/wp\/v2\/posts\/112724"}],"collection":[{"href":"http:\/\/wordpress.gurbuz.net\/index.php?rest_route=\/wp\/v2\/posts"}],"about":[{"href":"http:\/\/wordpress.gurbuz.net\/index.php?rest_route=\/wp\/v2\/types\/post"}],"author":[{"embeddable":true,"href":"http:\/\/wordpress.gurbuz.net\/index.php?rest_route=\/wp\/v2\/users\/1"}],"replies":[{"embeddable":true,"href":"http:\/\/wordpress.gurbuz.net\/index.php?rest_route=%2Fwp%2Fv2%2Fcomments&post=112724"}],"version-history":[{"count":8,"href":"http:\/\/wordpress.gurbuz.net\/index.php?rest_route=\/wp\/v2\/posts\/112724\/revisions"}],"predecessor-version":[{"id":112732,"href":"http:\/\/wordpress.gurbuz.net\/index.php?rest_route=\/wp\/v2\/posts\/112724\/revisions\/112732"}],"wp:attachment":[{"href":"http:\/\/wordpress.gurbuz.net\/index.php?rest_route=%2Fwp%2Fv2%2Fmedia&parent=112724"}],"wp:term":[{"taxonomy":"category","embeddable":true,"href":"http:\/\/wordpress.gurbuz.net\/index.php?rest_route=%2Fwp%2Fv2%2Fcategories&post=112724"},{"taxonomy":"post_tag","embeddable":true,"href":"http:\/\/wordpress.gurbuz.net\/index.php?rest_route=%2Fwp%2Fv2%2Ftags&post=112724"}],"curies":[{"name":"wp","href":"https:\/\/api.w.org\/{rel}","templated":true}]}}