{"id":112696,"date":"2022-12-03T02:42:07","date_gmt":"2022-12-03T02:42:07","guid":{"rendered":"http:\/\/wordpress.gurbuz.net\/?p=112696"},"modified":"2022-12-03T03:03:49","modified_gmt":"2022-12-03T03:03:49","slug":"vergessen-gestern-spaet-nachmittag-gegen-abend","status":"publish","type":"post","link":"http:\/\/wordpress.gurbuz.net\/?p=112696","title":{"rendered":"Vergessen, gestern sp\u00e4t Nachmittag gegen Abend"},"content":{"rendered":"<p>Vers\u00f6hnliche T\u00f6ne auf beiden Seiten, AMerika&#8230;<br \/>\nUnd Russland. Hoffentlich<\/p>\n<p>*<\/p>\n<p>Ich BIN vorbereitet<\/p>\n<p>&#8222;Euronews Deutsch<\/p>\n<p>Notfallplan der franz\u00f6sischen Regierung &#8211; mit kontrollierten Stromausf\u00e4llen gegen den Blackout<br \/>\nArtikel von Euronews \u2022 Gestern um 16:05&#8220;<\/p>\n<p>https:\/\/www.msn.com\/de-de\/finanzen\/top-stories\/notfallplan-der-franz%C3%B6sischen-regierung-mit-kontrollierten-stromausf%C3%A4llen-gegen-den-blackout\/ar-AA14PsWP?ocid=msedgntp&#038;cvid=ca706a279b9e4f7692a6b306fd9e9c05<\/p>\n<p>*<\/p>\n<p>Abwarten ES WIRD noch besser!<\/p>\n<p>&#8222;DER SPIEGEL<\/p>\n<p>Energiekrise: Zahl der Kurzarbeiter steigt sprunghaft an<br \/>\nArtikel von Benjamin Bidder \u2022 Gestern um 15:14&#8220;<\/p>\n<p>https:\/\/www.msn.com\/de-de\/finanzen\/top-stories\/energiekrise-zahl-der-kurzarbeiter-steigt-sprunghaft-an\/ar-AA14PrFG?ocid=msedgntp&#038;cvid=ca706a279b9e4f7692a6b306fd9e9c05<\/p>\n","protected":false},"excerpt":{"rendered":"<p>Vers\u00f6hnliche T\u00f6ne auf beiden Seiten, AMerika&#8230; Und Russland. Hoffentlich * Ich BIN vorbereitet &#8222;Euronews Deutsch Notfallplan der franz\u00f6sischen Regierung &#8211; mit kontrollierten Stromausf\u00e4llen gegen den Blackout Artikel von Euronews \u2022 Gestern um 16:05&#8220; https:\/\/www.msn.com\/de-de\/finanzen\/top-stories\/notfallplan-der-franz%C3%B6sischen-regierung-mit-kontrollierten-stromausf%C3%A4llen-gegen-den-blackout\/ar-AA14PsWP?ocid=msedgntp&#038;cvid=ca706a279b9e4f7692a6b306fd9e9c05 * Abwarten ES WIRD noch besser! &#8222;DER SPIEGEL Energiekrise: Zahl der Kurzarbeiter steigt sprunghaft an Artikel von Benjamin Bidder \u2022 Gestern &hellip; <\/p>\n<p class=\"link-more\"><a href=\"http:\/\/wordpress.gurbuz.net\/?p=112696\" class=\"more-link\"><span class=\"screen-reader-text\">\u201eVergessen, gestern sp\u00e4t Nachmittag gegen Abend\u201c<\/span> weiterlesen<\/a><\/p>\n","protected":false},"author":1,"featured_media":0,"comment_status":"open","ping_status":"open","sticky":false,"template":"","format":"standard","meta":[],"categories":[1],"tags":[],"_links":{"self":[{"href":"http:\/\/wordpress.gurbuz.net\/index.php?rest_route=\/wp\/v2\/posts\/112696"}],"collection":[{"href":"http:\/\/wordpress.gurbuz.net\/index.php?rest_route=\/wp\/v2\/posts"}],"about":[{"href":"http:\/\/wordpress.gurbuz.net\/index.php?rest_route=\/wp\/v2\/types\/post"}],"author":[{"embeddable":true,"href":"http:\/\/wordpress.gurbuz.net\/index.php?rest_route=\/wp\/v2\/users\/1"}],"replies":[{"embeddable":true,"href":"http:\/\/wordpress.gurbuz.net\/index.php?rest_route=%2Fwp%2Fv2%2Fcomments&post=112696"}],"version-history":[{"count":4,"href":"http:\/\/wordpress.gurbuz.net\/index.php?rest_route=\/wp\/v2\/posts\/112696\/revisions"}],"predecessor-version":[{"id":112700,"href":"http:\/\/wordpress.gurbuz.net\/index.php?rest_route=\/wp\/v2\/posts\/112696\/revisions\/112700"}],"wp:attachment":[{"href":"http:\/\/wordpress.gurbuz.net\/index.php?rest_route=%2Fwp%2Fv2%2Fmedia&parent=112696"}],"wp:term":[{"taxonomy":"category","embeddable":true,"href":"http:\/\/wordpress.gurbuz.net\/index.php?rest_route=%2Fwp%2Fv2%2Fcategories&post=112696"},{"taxonomy":"post_tag","embeddable":true,"href":"http:\/\/wordpress.gurbuz.net\/index.php?rest_route=%2Fwp%2Fv2%2Ftags&post=112696"}],"curies":[{"name":"wp","href":"https:\/\/api.w.org\/{rel}","templated":true}]}}