{"id":10646,"date":"2018-06-22T05:41:15","date_gmt":"2018-06-22T05:41:15","guid":{"rendered":"http:\/\/wordpress.gurbuz.net\/?p=10646"},"modified":"2018-06-22T05:41:15","modified_gmt":"2018-06-22T05:41:15","slug":"vaktim-yok-yorumlamaya","status":"publish","type":"post","link":"http:\/\/wordpress.gurbuz.net\/?p=10646","title":{"rendered":"Vaktim yok yorumlamaya"},"content":{"rendered":"<p><strong>MHP\u2019nin ku\u015fu<\/strong><br \/>\n21 Haziran 2018 <\/p>\n<p>AKP g\u00fcndeminde ku\u015f var:<br \/>\nZ\u00fcmr\u00fcd\u00fcanka!<br \/>\nYanda\u015flar propaganda filmi\u00acni pek be\u011fendi.<br \/>\nZ\u00fcmr\u00fcd\u00fcanka ger\u00e7ek de\u011fil, s\u00f6ylence\/mitoloji\u2026<br \/>\nOysa. MHP&#8217;nin sahici bir ku\u015fu var:<br \/>\nGuguk ku\u015fu!<br \/>\nBilirsiniz:<br \/>\n\u2013 Uzun kuyruklu, sivri kanatl\u0131, iyi u\u00e7ucudur.<br \/>\n\u2013 Renkleri ya\u015fad\u0131\u011f\u0131 orta\u00acma uyum sa\u011flar.<br \/>\n\u2013 Kendilerini iyi gizleseler de b\u0131kt\u0131r\u0131c\u0131 seslerinden yerleri belli olur.<br \/>\nEn temel \u00f6zelli\u011fi kulu\u00e7ka asala\u011f\u0131 olmas\u0131d\u0131r.<br \/>\nGuguk ku\u015fu di\u015fisi yumurtas\u0131\u00acna \u00fcvey annelik yapacak ba\u015fka di\u015fi ku\u015flar\u0131n kulu\u00e7kaya yatmas\u0131\u00acn\u0131 bekler. Buldu\u011funda zaman\u0131 kollar. Kulu\u00e7kaya yatm\u0131\u015f ku\u015f yuvadan k\u0131sa s\u00fcreli\u011fine ayr\u0131ld\u0131\u00ac\u011f\u0131nda, guguk ku\u015fu yumur-talardan birini at\u0131p yerine kendi yumurtas\u0131n\u0131 b\u0131rak\u0131r!<br \/>\nYuvas\u0131nda yabanc\u0131 yumurta bulan ku\u015flar, \u00e7o\u011fu kez ya yeni yuva yapar ya da yabanc\u0131 yumurtay\u0131 yuvadan atar. An\u00accak\u2026<br \/>\nBaz\u0131 guguk ku\u015flar\u0131nda yu\u00acmurta taklit\u00e7ili\u011fi de epey ge\u00acli\u015fmi\u015ftir; yumurtas\u0131n\u0131 yabanc\u0131 yuvadakilere benzer yapar! B\u00f6ylece yumurtas\u0131n\u0131n tan\u0131n\u00acmamas\u0131n\u0131-bilinmemesi\u00acni sa\u011flar!<br \/>\nPeki\u2026<br \/>\nGuguk ku\u015fu ilk ad\u0131mda ba\u015fa\u00acr\u0131l\u0131 oldu. Yuvaya aldatmayla konan yumurta\/yavru ne yapar?<br \/>\n\u2013 Guguk yavrusu on iki g\u00fcn sonra genellikle \u00fcvey karde\u015fle\u00acrinden \u00f6nce do\u011far.<br \/>\n\u2013 \u0130lk d\u00f6rt g\u00fcn i\u00e7inde (he\u00acn\u00fcz k\u00f6r ve t\u00fcys\u00fczken) \u00fcvey ana baban\u0131n getirdi\u011fi yiyecekleri yuvan\u0131n ger\u00e7ek sahibi olan yavrularla b\u00f6l\u00fc\u015fmemek i\u00e7in yumurtalar\u0131 ve yavrular\u0131 tek tek yuvadan atar!<br \/>\n\u2013 \u00dc\u00e7 hafta sonra \u00fcvey an\u00acnesinden daha iri olur. Ve\u2026<br \/>\n\u2013 Alt\u0131 hafta beslendikten sonra do\u011fdu\u011fu yuvay\u0131 da\u011f\u0131\u00actarak e\u015f aramaya \u00e7\u0131kar\u2026<br \/>\nEvet, nereden \u00e7\u0131kt\u0131 MHP&#8217;de\u00acki guguk ku\u015funu an\u0131msatmak de\u011fil mi?<br \/>\nYazaca\u011f\u0131m\u2026<br \/>\nAma \u00f6nce bir iki s\u00f6z s\u00f6yle\u00acmeliyim:<br \/>\n\u00dcLK\u00dcC\u00dcDEN ERDO\u011eAN&#8217;A OY YOK<br \/>\nOkumu\u015fsunuzdur:<br \/>\nA\u00e7\u0131klanan kamuoyu ara\u015f\u00act\u0131rmalar\u0131nda Erdo\u011fan&#8217;\u0131n oy y\u00fczdesi, AKP-MHP-BBP&#8217;den olu\u015fan Cumhur \u0130ttifak\u0131&#8217;ndan \u00e7ok \u00e7\u0131k\u0131yor.<br \/>\nFakat. Buna inanmayan\u00aclar diyor ki:<br \/>\nAnketlerin aksine 24 Hazi\u00acran se\u00e7iminde Cumhur \u0130tti\u00acfak\u0131&#8217;n\u0131n oyu, Cumhurba\u015f\u00ackan\u0131 aday\u0131 Erdo\u011fan&#8217;dan y\u00fcksek \u00e7\u0131kacak!<br \/>\n\u201c\u00c7\u00fcnk\u00fc\u201d diyor kimi MHP&#8217;li\u00acler:<br \/>\n\u2013 \u00dclk\u00fcc\u00fcler, Cumhur \u0130ttifak\u0131&#8217;nda MHP&#8217;ye oy verecekler ama\u2026<br \/>\n\u2013 Cumhurba\u015fkanl\u0131\u011f\u0131 se\u00e7iminde Erdo\u011fan&#8217;a oy vermeyecekler!<br \/>\nNiye?<br \/>\nBu iddiay\u0131 dile getiren\u00acler gerek\u00e7eyi \u015f\u00f6yle a\u00e7\u0131k\u00acl\u0131yor:<br \/>\n\u2013 Erdo\u011fan, Anaya\u00acsa&#8217;dan T\u00fcrk s\u00f6zc\u00fc\u011f\u00fcn\u00fc, kimli\u011fini, kavram\u0131n\u0131 \u00e7\u0131karmak istedi.<br \/>\n\u2013 Erdo\u011fan, kamu binalar\u0131n\u00acdan TC ibaresini, devlet ni\u015fa\u00acn\u0131nda T\u00fcrkiye ad\u0131n\u0131 kald\u0131rtt\u0131.<br \/>\n\u2013 Erdo\u011fan, T\u00fcrk Tabip\u00acler Birli\u011fi gibi sivil toplum kurulu\u015flar\u0131ndan T\u00fcrk ad\u0131n\u0131 kald\u0131rtt\u0131.<br \/>\n\u2013 Erdo\u011fan, okullarda And\u0131\u00acm\u0131z s\u00f6ylenmesini kald\u0131rtt\u0131.<br \/>\n\u2013 Erdo\u011fan, ulusal bayramla\u00acr\u0131n kutlanmas\u0131n\u0131 kald\u0131rtt\u0131.<br \/>\n\u2013 Erdo\u011fan, Ortado\u00ac\u011fu&#8217;da BOP&#8217;\u00e7u, K\u0131br\u0131s&#8217;ta An\u00acnan&#8217;c\u0131, T\u00fcrkiye&#8217;de a\u00e7\u0131l\u0131m\u00acc\u0131 oldu.<br \/>\n\u2013 Erdo\u011fan, Kuzey Irak&#8217;ta T\u00fcrkmenlerin katle\u00acdilmesine sesini \u00e7\u0131karmad\u0131.<br \/>\n\u2013 Erdo\u011fan, bayrak yak\u0131ld\u0131, Atat\u00fcrk heykeli tahrip edildi seyretti.<br \/>\n\u00d6yle ki:<br \/>\n\u2013 \u201cMilliyet\u00e7ili\u011fi, ayaklar\u0131\u00acn\u0131n alt\u0131na alm\u0131\u015f bir iktida\u00acr\u0131z\u201d diyen bizzat Erdo\u011fan&#8217;\u0131n kendisi oldu!<br \/>\n\u00dclk\u00fcc\u00fclerin, Erdo\u011fan&#8217;a oy vermeme gerek\u00e7eleri uzun\u2026<br \/>\nPeki:<br \/>\nDevlet Bah\u00e7eli, Erdo\u00ac\u011fan&#8217;daki \u201cT\u00fcrk alerjisi\u00acni\u201d bilmiyor mu? Biliyor.<br \/>\nDevlet Bah\u00e7eli, bu konular\u00acda ittifaktan \u00f6nce Erdo\u011fan&#8217;a \u00e7ok a\u011f\u0131r s\u00f6zlerle muhalefet etmedi mi? Etti.<br \/>\nO halde\u2026 Cumhur \u0130ttifa\u00ack\u0131&#8217;n\u0131n kurulmas\u0131nda neden canla ba\u015fla u\u011fra\u015f\u0131 verdi?<br \/>\nYeniden TBMM&#8217;de bulun\u00acmak m\u0131?<br \/>\n50 y\u0131ll\u0131k tarihe sahip MHP genel ba\u015fkan\u0131n\u0131n bu kadar y\u00fczeysel gerek\u00e7esi olamaz!<br \/>\nPeki, as\u0131l niyet ne?<br \/>\nPART\u0130Y\u0130 DA\u011eITTI<br \/>\nBaz\u0131 \u00fclk\u00fcc\u00fcler\u2026<br \/>\nErdo\u011fan&#8217;\u0131 desteklemez\u00acken\/oy vermezken \u0131srarla neden MHP&#8217;ye oy veriyor?<br \/>\nSebebini \u015f\u00f6yle a\u00e7\u0131kl\u0131yor\u00aclar:<br \/>\n\u2013 MHP ile tarihsel duygusal payda\u015fl\u0131k var.<br \/>\n\u2013 MHP T\u00fcrke\u015f&#8217;in partisi.<br \/>\n\u2013 Genel ba\u015fkan de\u011fil, parti\/ te\u015fkilat \u00f6nemli.<br \/>\n\u2013 Nicelik\/oy g\u00fcc\u00fc azalsa da, nitelik\/parti g\u00fcc\u00fcn\u00fcn varl\u0131\u011f\u0131n\u0131n s\u00fcrd\u00fcr\u00fclmesi \u00fclke yarar\u0131nad\u0131r.<br \/>\nKu\u015fkusuz siyasi t\u00f6re\/gelenek gibi gerek\u00e7eler de var.<br \/>\nBu s\u00f6zleri edenler \u015fu ger\u00ac\u00e7e\u011fi g\u00f6rm\u00fcyor:<br \/>\n\u201cErdo\u011fan&#8217;a oy vermeyece\u011fiz\u201d diyen \u00fclk\u00fcc\u00fcler, 16 y\u0131ll\u0131k AKP iktidar\u0131n\u0131n s\u00fcrmesine bilmeden katk\u0131 sa\u011fl\u0131yor. \u015e\u00f6yle:<br \/>\n\u2013 MHP&#8217;ye verilen oy\u00aclar milletvekili say\u0131s\u0131 olarak, MHP&#8217;den fazla AKP&#8217;ye yar\u0131yor!<br \/>\n\u2013 \u0130ttifaktan da\u011f\u0131t\u0131lacak y\u00fczde 1 oy; MHP&#8217;ye bir milletveki\u00acli kazand\u0131r\u0131rken, AKP&#8217;ye yedi milletvekili kazand\u0131r\u0131yor! Yani\u2026 \u2013 AKP y\u00fczde 40\u2026<br \/>\n\u2013 MHP y\u00fczde 6 oy al\u0131rsa\u2026<br \/>\nAKP 272 ve MHP 13 millet\u00acvekili \u00e7\u0131kar\u0131yor.<br \/>\nBu durumda MHP Meclis&#8217;te grup bile kuram\u0131yor.<br \/>\nErdo\u011fan&#8217;\u0131 desteklemedi\u011fi\u00acni s\u00f6yleyen \u00fclk\u00fcc\u00fcler asl\u0131nda AKP iktidar\u0131na yol d\u00f6\u015f\u00fcyor!<br \/>\nSoruyu tekrar soray\u0131m:<br \/>\nDevlet Bah\u00e7eli t\u00fcm bu he\u00acsaplar\u0131 sadece 13 milletvekili \u00e7\u0131karmak i\u00e7in mi yapt\u0131?<br \/>\nBu senaryoda bilmedi\u011fimiz oyun mu var?<br \/>\nMHP&#8217;ye bir guguk ku\u015fu yu\u00acmurtas\u0131 m\u0131 kondu?<br \/>\n\u00d6nce, yuvan\u0131n\/oca\u011f\u0131n has evlatlar\u0131 \u00fclk\u00fcc\u00fcleri yok eden\u2026<br \/>\nSonra, yuvay\u0131\/partiyi da\u011f\u0131\u00actan bir guguk ku\u015fu\u2026<br \/>\nG\u00f6rd\u00fck\u2026 En sonunda guguk ku\u015fu birle\u015fece\u011fi e\u015f de buldu: AKP!<br \/>\nKonu\u015fulmas\u0131 gereken\u2026.<br \/>\nS\u00f6ylence\/mitoloji z\u00fcmr\u00fc\u00acd\u00fcanka ku\u015fu de\u011fil, sahici guguk ku\u015fu&#8217;dur!<br \/>\nMesele, sadece Erdo\u011fan&#8217;a oy vermemek de\u011fil.<br \/>\nMesele 24 Haziran&#8217;da, MHP&#8217;deki guguk ku\u015funun \u201cyu\u00acvadan\u201d\/partiden gitmesine yol a\u00e7acak tav\u0131r almakt\u0131r.<\/p>\n<p>https:\/\/www.sozcu.com.tr\/2018\/yazarlar\/soner-yalcin\/mhpnin-kusu-2477092\/?utm_source=yazarlar&#038;utm_campaign=diger_yazilar&#038;utm_medium=diger<\/p>\n","protected":false},"excerpt":{"rendered":"<p>MHP\u2019nin ku\u015fu 21 Haziran 2018 AKP g\u00fcndeminde ku\u015f var: Z\u00fcmr\u00fcd\u00fcanka! Yanda\u015flar propaganda filmi\u00acni pek be\u011fendi. Z\u00fcmr\u00fcd\u00fcanka ger\u00e7ek de\u011fil, s\u00f6ylence\/mitoloji\u2026 Oysa. MHP&#8217;nin sahici bir ku\u015fu var: Guguk ku\u015fu! Bilirsiniz: \u2013 Uzun kuyruklu, sivri kanatl\u0131, iyi u\u00e7ucudur. \u2013 Renkleri ya\u015fad\u0131\u011f\u0131 orta\u00acma uyum sa\u011flar. \u2013 Kendilerini iyi gizleseler de b\u0131kt\u0131r\u0131c\u0131 seslerinden yerleri belli olur. En temel \u00f6zelli\u011fi kulu\u00e7ka &hellip; <\/p>\n<p class=\"link-more\"><a href=\"http:\/\/wordpress.gurbuz.net\/?p=10646\" class=\"more-link\"><span class=\"screen-reader-text\">\u201eVaktim yok yorumlamaya\u201c<\/span> weiterlesen<\/a><\/p>\n","protected":false},"author":1,"featured_media":0,"comment_status":"open","ping_status":"open","sticky":false,"template":"","format":"standard","meta":[],"categories":[1],"tags":[],"_links":{"self":[{"href":"http:\/\/wordpress.gurbuz.net\/index.php?rest_route=\/wp\/v2\/posts\/10646"}],"collection":[{"href":"http:\/\/wordpress.gurbuz.net\/index.php?rest_route=\/wp\/v2\/posts"}],"about":[{"href":"http:\/\/wordpress.gurbuz.net\/index.php?rest_route=\/wp\/v2\/types\/post"}],"author":[{"embeddable":true,"href":"http:\/\/wordpress.gurbuz.net\/index.php?rest_route=\/wp\/v2\/users\/1"}],"replies":[{"embeddable":true,"href":"http:\/\/wordpress.gurbuz.net\/index.php?rest_route=%2Fwp%2Fv2%2Fcomments&post=10646"}],"version-history":[{"count":1,"href":"http:\/\/wordpress.gurbuz.net\/index.php?rest_route=\/wp\/v2\/posts\/10646\/revisions"}],"predecessor-version":[{"id":10647,"href":"http:\/\/wordpress.gurbuz.net\/index.php?rest_route=\/wp\/v2\/posts\/10646\/revisions\/10647"}],"wp:attachment":[{"href":"http:\/\/wordpress.gurbuz.net\/index.php?rest_route=%2Fwp%2Fv2%2Fmedia&parent=10646"}],"wp:term":[{"taxonomy":"category","embeddable":true,"href":"http:\/\/wordpress.gurbuz.net\/index.php?rest_route=%2Fwp%2Fv2%2Fcategories&post=10646"},{"taxonomy":"post_tag","embeddable":true,"href":"http:\/\/wordpress.gurbuz.net\/index.php?rest_route=%2Fwp%2Fv2%2Ftags&post=10646"}],"curies":[{"name":"wp","href":"https:\/\/api.w.org\/{rel}","templated":true}]}}