{"id":10627,"date":"2018-06-21T15:46:21","date_gmt":"2018-06-21T15:46:21","guid":{"rendered":"http:\/\/wordpress.gurbuz.net\/?p=10627"},"modified":"2018-06-21T15:46:38","modified_gmt":"2018-06-21T15:46:38","slug":"bakin-prof-dr-kemal-aytac-de-diyor","status":"publish","type":"post","link":"http:\/\/wordpress.gurbuz.net\/?p=10627","title":{"rendered":"Bak\u0131n Prof. Dr. KEMAL AYTA\u00c7 de diyor"},"content":{"rendered":"<p> \u201cAtat\u00fcrk, inand\u0131\u011f\u0131 tek Tanr\u0131n\u0131n, hangi dinin Tanr\u0131s\u0131 oldu\u011funu a\u00e7\u0131k ifadelerle dile getirmi\u015ftir. Mesela, 16 Mart 1923&#8217;te Adana T\u00fcrk Oca\u011f\u0131\u2019nda Adana esnaflar\u0131na hitaben yapt\u0131\u011f\u0131 konu\u015fmas\u0131nda bu hususu \u015f\u00f6yle a\u00e7\u0131klar: Elhamd\u00fclillah hepimiz M\u00fcsl\u00fcman\u0131z, hepimiz dindar\u0131z.&#8220; <\/p>\n<p>Eyyy Recep Tayip Kahpedo\u011fan,<br \/>\nUTAN, utan milletin g\u00f6z\u00fcn\u00fcn i\u00e7ine baka baka yalan s\u00f6ylemekten utan\u2026<br \/>\nRezil, ahlaks\u0131z, \u015ferefsiz yarat\u0131k seni, utan! <\/p>\n<p><a href=\"http:\/\/kitaplar.ankara.edu.tr\/dosyalar\/pdf\/352.pdf\" rel=\"noopener\" target=\"_blank\">GAZI MUSTAFA KEMAL ATAT\u00dcRK DIN POLITIKASI UZERINE KONU\u015eMALAR<\/a><\/p>\n","protected":false},"excerpt":{"rendered":"<p>\u201cAtat\u00fcrk, inand\u0131\u011f\u0131 tek Tanr\u0131n\u0131n, hangi dinin Tanr\u0131s\u0131 oldu\u011funu a\u00e7\u0131k ifadelerle dile getirmi\u015ftir. Mesela, 16 Mart 1923&#8217;te Adana T\u00fcrk Oca\u011f\u0131\u2019nda Adana esnaflar\u0131na hitaben yapt\u0131\u011f\u0131 konu\u015fmas\u0131nda bu hususu \u015f\u00f6yle a\u00e7\u0131klar: Elhamd\u00fclillah hepimiz M\u00fcsl\u00fcman\u0131z, hepimiz dindar\u0131z.&#8220; Eyyy Recep Tayip Kahpedo\u011fan, UTAN, utan milletin g\u00f6z\u00fcn\u00fcn i\u00e7ine baka baka yalan s\u00f6ylemekten utan\u2026 Rezil, ahlaks\u0131z, \u015ferefsiz yarat\u0131k seni, utan! GAZI MUSTAFA &hellip; <\/p>\n<p class=\"link-more\"><a href=\"http:\/\/wordpress.gurbuz.net\/?p=10627\" class=\"more-link\"><span class=\"screen-reader-text\">\u201eBak\u0131n Prof. Dr. KEMAL AYTA\u00c7 de diyor\u201c<\/span> weiterlesen<\/a><\/p>\n","protected":false},"author":1,"featured_media":0,"comment_status":"open","ping_status":"open","sticky":false,"template":"","format":"standard","meta":[],"categories":[1],"tags":[],"_links":{"self":[{"href":"http:\/\/wordpress.gurbuz.net\/index.php?rest_route=\/wp\/v2\/posts\/10627"}],"collection":[{"href":"http:\/\/wordpress.gurbuz.net\/index.php?rest_route=\/wp\/v2\/posts"}],"about":[{"href":"http:\/\/wordpress.gurbuz.net\/index.php?rest_route=\/wp\/v2\/types\/post"}],"author":[{"embeddable":true,"href":"http:\/\/wordpress.gurbuz.net\/index.php?rest_route=\/wp\/v2\/users\/1"}],"replies":[{"embeddable":true,"href":"http:\/\/wordpress.gurbuz.net\/index.php?rest_route=%2Fwp%2Fv2%2Fcomments&post=10627"}],"version-history":[{"count":2,"href":"http:\/\/wordpress.gurbuz.net\/index.php?rest_route=\/wp\/v2\/posts\/10627\/revisions"}],"predecessor-version":[{"id":10629,"href":"http:\/\/wordpress.gurbuz.net\/index.php?rest_route=\/wp\/v2\/posts\/10627\/revisions\/10629"}],"wp:attachment":[{"href":"http:\/\/wordpress.gurbuz.net\/index.php?rest_route=%2Fwp%2Fv2%2Fmedia&parent=10627"}],"wp:term":[{"taxonomy":"category","embeddable":true,"href":"http:\/\/wordpress.gurbuz.net\/index.php?rest_route=%2Fwp%2Fv2%2Fcategories&post=10627"},{"taxonomy":"post_tag","embeddable":true,"href":"http:\/\/wordpress.gurbuz.net\/index.php?rest_route=%2Fwp%2Fv2%2Ftags&post=10627"}],"curies":[{"name":"wp","href":"https:\/\/api.w.org\/{rel}","templated":true}]}}