{"id":10123,"date":"2018-06-06T17:08:35","date_gmt":"2018-06-06T17:08:35","guid":{"rendered":"http:\/\/wordpress.gurbuz.net\/?p=10123"},"modified":"2018-06-06T17:08:35","modified_gmt":"2018-06-06T17:08:35","slug":"adam-daha-ne-yazsin","status":"publish","type":"post","link":"http:\/\/wordpress.gurbuz.net\/?p=10123","title":{"rendered":"Adam daha ne yazs\u0131n?"},"content":{"rendered":"<p><strong>Bakan\u0131m\u0131z\u0131n \u015feyinde de\u011fil<\/strong><br \/>\n6 Haziran 2018 <\/p>\n<p>Tar\u0131m bakan\u0131m\u0131za \u201cpartinizin milletvekili adaylar\u0131n\u0131n pek be\u011fenilmedi\u011fi s\u00f6yleniyor\u201d diye soruldu. Tar\u0131m bakan\u0131m\u0131z \u201cs\u00f6ylesinler, \u00e7ok da \u015feyimde de\u011fil\u201d diye cevap verdi.<br \/>\n*<br \/>\nDevlet adam\u0131 dedi\u011fin b\u00f6yle olur.<br \/>\n*<br \/>\nKanada&#8217;da mercimek yoktu, 1972 y\u0131l\u0131nda \u00fcniversitelerinde \u201cmahs\u00fcl \u00fcretim merkezi\u201d kurdular, mercimek ara\u015ft\u0131rmalar\u0131na ba\u015flad\u0131lar, hatta \u00fcr\u00fcn \u00e7e\u015fitlili\u011fi i\u00e7in T\u00fcrkiye&#8217;den mercimek \u00f6rne\u011fi ald\u0131lar.<br \/>\nBizim \u00e7ok da \u015feyimizde olmad\u0131\u011f\u0131 i\u00e7in, bug\u00fcn Kanada&#8217;dan mercimek ithal ediyoruz, mercimek ithalat\u0131m\u0131z\u0131n y\u00fczde 80&#8217;i Kanada&#8217;dan.<br \/>\n*<br \/>\nYo\u011furt\u2026 Biz icat ettik, ad\u0131n\u0131 biz koyduk, d\u00fcnyan\u0131n hangi lisan konu\u015fulan \u00fclkesine giderseniz gidin, yo\u011furdun \u00fczerinde T\u00fcrk\u00e7e \u201cyo\u011furt\u201d yazar, gurbet ellerde marketleri dola\u015f\u0131rken, rafta akraban\u0131 g\u00f6rm\u00fc\u015f gibi olursun, sar\u0131las\u0131n gelir. Ama bizim \u00e7ok da \u015feyimizde olmad\u0131\u011f\u0131 i\u00e7in, durup dururken yo\u011furdumuzun standard\u0131 de\u011fi\u015ftirildi, AB&#8217;ye uyum aya\u011f\u0131yla protein oran\u0131 d\u00fc\u015f\u00fcr\u00fcld\u00fc, y\u00fczde 12 oran\u0131nda ya\u011fs\u0131z kuru madde bulunmas\u0131 \u015fart\u0131 tamamen kald\u0131r\u0131ld\u0131. Geleneksel olarak sade t\u00fcketilen, k\u0131vaml\u0131, koyu T\u00fcrk yo\u011furdu, c\u0131v\u0131k hale getirildi. B\u00f6ylece, T\u00fcrk pazar\u0131nda yer bulamayan, meyveli, c\u0131v\u0131k Avrupa mal\u0131 yo\u011furtlara yol a\u00e7\u0131ld\u0131. \u00c7ok k\u0131sa s\u00fcrede \u00e7ocuklar\u0131m\u0131z\u0131n yo\u011furt konusundaki damak zevki de\u011fi\u015fti. Ve\u2026 Fransa devleti, tarihte ilk kez, bir T\u00fcrkiye Cumhuriyeti bakan\u0131na, tar\u0131m bakan\u0131m\u0131za \u201c\u015f\u00f6valye\u201d madalyas\u0131 takt\u0131! \u00c7ok da \u015feyimizde olmad\u0131\u011f\u0131 i\u00e7in \u201cniye bu Fransa bizim bakan\u0131m\u0131za madalya verdi\u201d diye merak etmedik.<br \/>\n*<br \/>\n\u0130nek ithal ediyoruz, koyun ithal ediyoruz, \u00e7ok da \u015feyimizde olmad\u0131\u011f\u0131 i\u00e7in al\u0131\u015ft\u0131k gari\u2026 Ama ayn\u0131 zamanda, u\u011furb\u00f6ce\u011fi ithal ediyoruz. Hani \u201cu\u00e7 u\u00e7 b\u00f6cecik annen sana terlik pabu\u00e7 alacak\u201d var ya, i\u015fte onu ithal ediyoruz. Tar\u0131mdaki zararl\u0131lar\u0131 yok etmeye yar\u0131yorlar. \u0130thal tar\u0131m ila\u00e7lar\u0131yla bizim u\u011furb\u00f6ceklerinin neslini yok ettik, \u015fimdi, tar\u0131mdaki zararl\u0131lar\u0131 yok etsinler diye \u0130spanyol u\u011furb\u00f6ceklerini ithal ediyoruz.<br \/>\nS\u00fct \u00fcr\u00fcnlerinde kullanmak i\u00e7in \u201cbakteri\u201d ithal ediyoruz. \u00c7ok da \u015feyimizde olmad\u0131\u011f\u0131 i\u00e7in \u201cyerli ve milli\u201d bakterimiz yok mu birader diye d\u00fc\u015f\u00fcnm\u00fcyoruz!<br \/>\nFare ithal ediyoruz, laboratuvarlarda deney yapmak i\u00e7in memlekette fare bulam\u0131yoruz iyi mi\u2026<br \/>\nMemleketin ad\u0131 Turkey, \u00e7ok da \u015feyimizde olmad\u0131\u011f\u0131 i\u00e7in hindi ithal ediyoruz.<br \/>\n*<br \/>\nAngola, Eritre, Kongo gibi Afrika&#8217;n\u0131n geli\u015fmi\u015f \u00fclkelerinden (!) saman ithal etti\u011fimizi zaten biliyorsunuz\u2026 \u00c7ok da \u015feyimizde olmad\u0131\u011f\u0131 i\u00e7in solucan ithal ediyoruz.<br \/>\n\u0130thal etti\u011fimiz solucanlarla g\u00fcbre yap\u0131yoruz. \u00c7\u00fcnk\u00fc sadece topra\u011f\u0131n \u00fcst\u00fcn\u00fc de\u011fil, topra\u011f\u0131n alt\u0131ndaki ya\u015fam\u0131 da kuruttuk. Elalemin solucan\u0131n\u0131 ithal etmezsek, bu memlekette g\u00fcbre bile \u00fcretemiyoruz.<br \/>\n*<br \/>\nNarenciye para etmiyor, dal\u0131nda \u00e7\u00fcr\u00fcmeye b\u0131rak\u0131yoruz, a\u011fa\u00e7lar\u0131 s\u00f6k\u00fcyoruz. \u00c7ok da \u015feyimizde olmad\u0131\u011f\u0131 i\u00e7in, ila\u00e7 ve \u00e7ay \u00fcretimi i\u00e7in, portakal kabu\u011fu, mandalina kabu\u011fu, limon kabu\u011fu ithal ediyoruz.<br \/>\n*<br \/>\n\u0130skenderun demir \u00e7elik, Ruslar yapt\u0131, paras\u0131n\u0131 domatesle \u00f6dedik. Seydi\u015fehir al\u00fcminyum, Ruslar yapt\u0131, paras\u0131n\u0131 portakalla \u00f6dedik. Alia\u011fa rafinerisi, Ruslar yapt\u0131, paras\u0131n\u0131 salatal\u0131kla \u00f6dedik. Oymap\u0131nar baraj\u0131, Ruslar yapt\u0131, paras\u0131n\u0131 mandalinayla \u00f6dedik. T\u00fcrk tekstilinin temeli, Nazilli S\u00fcmerbank basma fabrikas\u0131, Ruslar yapt\u0131, bir lira bile vermedik, kabak biber greyfurtla \u00f6dedik.<br \/>\nSebzemiz meyvemiz narenciyemiz i\u015fte bu kadar k\u0131ymetliydi.<br \/>\n\u00c7ok da \u015feyimizde olmad\u0131\u011f\u0131 i\u00e7in, hem bu hayati tesislerimizi satt\u0131k savd\u0131k, pe\u015fke\u015f \u00e7ektik, imha ettik, hem de sebzemizi meyvemizi art\u0131k \u201c\u00e7\u00f6p\u201d fiyat\u0131na bile ihra\u00e7 edemez hale geldik.<br \/>\n*<br \/>\n\u00dc\u00e7 taraf\u0131m\u0131z denizlerle \u00e7evrili, i\u00e7 denizimiz var, deniz b\u00fcy\u00fckl\u00fc\u011f\u00fcnde g\u00f6llerimiz var, \u00e7ok da \u015feyimizde olmad\u0131\u011f\u0131 i\u00e7in barbun Senegal&#8217;den geliyor, kalamar Hindistan&#8217;dan, ahtapot \u0130spanya&#8217;dan, karides Endonezya&#8217;dan, midye \u015eili&#8217;den lagos M\u0131s\u0131r&#8217;dan, kalkan Romanya&#8217;dan, uskumru Norve\u00e7&#8217;ten, sinarit Gana&#8217;dan, l\u00fcks otellerde yedi\u011finiz k\u0131l\u0131\u00e7 \u015fi\u015fler asl\u0131nda \u00c7in&#8217;den ithal k\u00f6pek bal\u0131\u011f\u0131\u2026 Karadeniz&#8217;de 26 bal\u0131\u011f\u0131n neslini kuruttuk, Marmara&#8217;da 125 bal\u0131\u011f\u0131n neslini t\u00fckettik, tarlada \u00e7ipura yeti\u015ftirmeye \u00e7al\u0131\u015f\u0131yoruz. Sardalya festivali d\u00fczenliyoruz ama, \u00e7ok da \u015feyimizde olmad\u0131\u011f\u0131 i\u00e7in sardalya Yunanistan&#8217;dan geliyor.<br \/>\n*<br \/>\n\u00c7ok da \u015feyimizde olmad\u0131\u011f\u0131 i\u00e7in, Akp iktidara geldi\u011finden beri, 2002&#8217;den beri, toplam tar\u0131m alan\u0131m\u0131z 26 milyon hektardan 23 milyon hektara geriledi. Ekilen tar\u0131m alan\u0131m\u0131z 18 milyon hektardan 15 milyon hektara geriledi. Ayr\u0131ca, \u015fu anda 4 milyon hektarl\u0131k alan, maddi imkans\u0131zl\u0131klar nedeniyle ekilemiyor.<br \/>\n*<br \/>\nHal b\u00f6yleyken, T\u00fcrk tar\u0131m\u0131n\u0131n oca\u011f\u0131na incir a\u011fac\u0131 diken say\u0131n h\u00fck\u00fcmetimiz ne yapt\u0131 biliyor musunuz? \u00c7ok da \u015feyimizde olmad\u0131\u011f\u0131 i\u00e7in Afrika&#8217;da tarla kiralad\u0131! Bast\u0131 tiko paray\u0131, Sudan&#8217;da 7 milyon 805 bin d\u00f6n\u00fcm arazi kiralad\u0131. Hem de 99 seneli\u011fine kiralad\u0131. Kim \u00e7al\u0131\u015facak bu arazide? Sudanl\u0131 k\u00f6yl\u00fcler \u00e7al\u0131\u015facak. Say\u0131n h\u00fck\u00fcmetimizin projesine g\u00f6re, Sudanl\u0131 k\u00f6yl\u00fcler bizim araziyi ekip bi\u00e7ecek, \u00fcr\u00fcn yeti\u015ftirecek, ihra\u00e7 edecek! Kiralad\u0131\u011f\u0131m\u0131z arazinin b\u00fcy\u00fckl\u00fc\u011f\u00fc, Sivas kadar\u2026 Kayseri, Eski\u015fehir, Diyarbak\u0131r, Yozgat, \u00c7orum ve Manisa&#8217;n\u0131n tar\u0131m arazisinden daha b\u00fcy\u00fck.<br \/>\n*<br \/>\nT\u00fcrkiye&#8217;nin kendi kendine yetebildi\u011fi tek \u00fcr\u00fcn\u00fc \u201c\u015feker pancar\u0131\u201d kalm\u0131\u015ft\u0131. \u00c7ok da \u015feyimizde olmad\u0131\u011f\u0131 i\u00e7in m\u0131s\u0131r \u015furubuna yol verildi, \u015feker fabrikalar\u0131 sat\u0131ld\u0131, \u00e7ok da \u015feyimizde olmad\u0131\u011f\u0131 i\u00e7in hem \u015feker pancar\u0131m\u0131z imha edildi, hem diyabette millet\u00e7e rekora gidiyoruz.<br \/>\n*<br \/>\nS\u0131rp Kasab\u0131&#8217;ndan k\u0131yma ithal ediyoruz.<br \/>\n*<br \/>\n\u00c7iftlikbank meselesine hi\u00e7 girmeyeyim\u2026 \u00c7ok da \u015feyimizde olmad\u0131\u011f\u0131 i\u00e7in tosun \u015fu anda Uruguay&#8217;da Ferrari&#8217;yle geziyor.<br \/>\n*<br \/>\nSon be\u015f sene i\u00e7inde 568 milyon kilo tohum ithal ettik. Nereden ithal ediyoruz bu tohumu\u2026 T\u00fcrkiye&#8217;nin topraklar\u0131n\u0131n yar\u0131s\u0131ndan fazlas\u0131 tar\u0131m arazisi ama, \u00e7ok da \u015feyimizde olmad\u0131\u011f\u0131 i\u00e7in, topraklar\u0131n\u0131n yar\u0131s\u0131ndan fazlas\u0131 \u00e7\u00f6l olan eeyyy \u0130srail&#8217;den ithal ediyoruz.<br \/>\n*<br \/>\nBa\u015fka \u00f6rnekler de vermek isterdim\u2026<br \/>\n\u00c7ok da \u015feyimizde olmad\u0131\u011f\u0131 i\u00e7in gerek g\u00f6rm\u00fcyorum.<br \/>\n*<br \/>\nFazla \u015feyinde olursa, kafaya tak\u0131yorsun, kahroluyorsun.<br \/>\n\u015eeyinde olmazsa, mis gibisin.<br \/>\n*<br \/>\nBana sorarsan\u0131z, memleketi h\u00e2l\u00e2 tar\u0131m bakan\u0131m\u0131z gibi arkada\u015flar y\u00f6netiyorsa ve say\u0131n ahalimiz h\u00e2l\u00e2 bu arkada\u015flara oy veriyorsa, de\u011fil kafaya, \u015feye bile takmamak laz\u0131m\u2026<br \/>\nTar\u0131mdan a\u015fa\u011f\u0131 Kas\u0131mpa\u015fa yani.<\/p>\n<p>https:\/\/www.sozcu.com.tr\/2018\/yazarlar\/yilmaz-ozdil\/bakanimizin-seyinde-degil-2451432\/<\/p>\n","protected":false},"excerpt":{"rendered":"<p>Bakan\u0131m\u0131z\u0131n \u015feyinde de\u011fil 6 Haziran 2018 Tar\u0131m bakan\u0131m\u0131za \u201cpartinizin milletvekili adaylar\u0131n\u0131n pek be\u011fenilmedi\u011fi s\u00f6yleniyor\u201d diye soruldu. Tar\u0131m bakan\u0131m\u0131z \u201cs\u00f6ylesinler, \u00e7ok da \u015feyimde de\u011fil\u201d diye cevap verdi. * Devlet adam\u0131 dedi\u011fin b\u00f6yle olur. * Kanada&#8217;da mercimek yoktu, 1972 y\u0131l\u0131nda \u00fcniversitelerinde \u201cmahs\u00fcl \u00fcretim merkezi\u201d kurdular, mercimek ara\u015ft\u0131rmalar\u0131na ba\u015flad\u0131lar, hatta \u00fcr\u00fcn \u00e7e\u015fitlili\u011fi i\u00e7in T\u00fcrkiye&#8217;den mercimek \u00f6rne\u011fi ald\u0131lar. Bizim &hellip; <\/p>\n<p class=\"link-more\"><a href=\"http:\/\/wordpress.gurbuz.net\/?p=10123\" class=\"more-link\"><span class=\"screen-reader-text\">\u201eAdam daha ne yazs\u0131n?\u201c<\/span> weiterlesen<\/a><\/p>\n","protected":false},"author":1,"featured_media":0,"comment_status":"open","ping_status":"open","sticky":false,"template":"","format":"standard","meta":[],"categories":[1],"tags":[],"_links":{"self":[{"href":"http:\/\/wordpress.gurbuz.net\/index.php?rest_route=\/wp\/v2\/posts\/10123"}],"collection":[{"href":"http:\/\/wordpress.gurbuz.net\/index.php?rest_route=\/wp\/v2\/posts"}],"about":[{"href":"http:\/\/wordpress.gurbuz.net\/index.php?rest_route=\/wp\/v2\/types\/post"}],"author":[{"embeddable":true,"href":"http:\/\/wordpress.gurbuz.net\/index.php?rest_route=\/wp\/v2\/users\/1"}],"replies":[{"embeddable":true,"href":"http:\/\/wordpress.gurbuz.net\/index.php?rest_route=%2Fwp%2Fv2%2Fcomments&post=10123"}],"version-history":[{"count":1,"href":"http:\/\/wordpress.gurbuz.net\/index.php?rest_route=\/wp\/v2\/posts\/10123\/revisions"}],"predecessor-version":[{"id":10124,"href":"http:\/\/wordpress.gurbuz.net\/index.php?rest_route=\/wp\/v2\/posts\/10123\/revisions\/10124"}],"wp:attachment":[{"href":"http:\/\/wordpress.gurbuz.net\/index.php?rest_route=%2Fwp%2Fv2%2Fmedia&parent=10123"}],"wp:term":[{"taxonomy":"category","embeddable":true,"href":"http:\/\/wordpress.gurbuz.net\/index.php?rest_route=%2Fwp%2Fv2%2Fcategories&post=10123"},{"taxonomy":"post_tag","embeddable":true,"href":"http:\/\/wordpress.gurbuz.net\/index.php?rest_route=%2Fwp%2Fv2%2Ftags&post=10123"}],"curies":[{"name":"wp","href":"https:\/\/api.w.org\/{rel}","templated":true}]}}