{"id":10097,"date":"2018-06-05T13:37:27","date_gmt":"2018-06-05T13:37:27","guid":{"rendered":"http:\/\/wordpress.gurbuz.net\/?p=10097"},"modified":"2018-06-05T13:37:27","modified_gmt":"2018-06-05T13:37:27","slug":"tek-adama-karsi-tek-kollu-adam-sadece-tesekkuer-ederim-izmirlim-en-icten-saygilarimla-oender-guerbuez","status":"publish","type":"post","link":"http:\/\/wordpress.gurbuz.net\/?p=10097","title":{"rendered":"> Tek adama kar\u015f\u0131 tek kollu adam < Sadece te\u015fekk\u00fcr ederim \u0130zmirlim. En i\u00e7ten sayg\u0131lar\u0131mla \u00d6nder G\u00fcrb\u00fcz"},"content":{"rendered":"<p><strong>Tek adama kar\u015f\u0131 tek kollu adam<\/strong><br \/>\n5 Haziran 2018 <\/p>\n<p>Gariban bir ailenin \u00e7ocu\u011fuydu Veli.<br \/>\nGecekonduda b\u00fcy\u00fcd\u00fc.<br \/>\nHem okumak hem \u00e7al\u0131\u015fmak zorunda oldu\u011fu i\u00e7in meslek lisesinden sonra devam edemedi.<br \/>\nAnkara&#8217;da sanayi sitesinde \u00e7al\u0131\u015f\u0131yordu. \u00d6b\u00fcr at\u00f6lyelerdeki i\u015f\u00e7ileri sendika \u00fcyesi olmaya te\u015fvik ediyordu. Bu b\u00fcy\u00fck su\u00e7 (!) nedeniyle \u201cyasad\u0131\u015f\u0131 \u00f6rg\u00fcte yard\u0131m\u201d iddias\u0131yla tutukland\u0131.<br \/>\n\u00dc\u00e7 ay hapis yat\u0131r\u0131ld\u0131, b\u0131rak\u0131ld\u0131.<br \/>\nB\u0131rak\u0131ld\u0131 ama, D\u00fcnya Kad\u0131nlar G\u00fcn\u00fc&#8217;nde yasad\u0131\u015f\u0131 bildiri da\u011f\u0131t\u0131yor diye gene tutukland\u0131. \u201cYasad\u0131\u015f\u0131\u201d denilen bildiride \u201cdevlete ve erke\u011fe k\u00f6le olmay\u0131n\u201d yaz\u0131yordu. E bu \u00e7ok daha b\u00fcy\u00fck su\u00e7tu! \u00d6b\u00fcr davayla birle\u015ftirildi, \u00fc\u00e7 y\u0131l dokuz aya mahkum edildi.<br \/>\nBurdur cezaevine t\u0131k\u0131ld\u0131.<br \/>\nTam o s\u0131rada, ter\u00f6r \u00f6rg\u00fct\u00fc iddias\u0131yla i\u00e7erde bulunan ve i\u015fkence g\u00f6ren mahkumlar \u00f6l\u00fcm orucuna yatt\u0131, isyan ba\u015flatt\u0131.<br \/>\nSay\u0131n devletimiz \u201chayata d\u00f6n\u00fc\u015f\u201d operasyonu ba\u015flatt\u0131. Say\u0131n ahalimizin kula\u011f\u0131na ho\u015f gelsin diye \u201chayata d\u00f6n\u00fc\u015f\u201d ad\u0131 verilmi\u015fti. Asl\u0131nda, bildi\u011fin imha operasyonuydu.<br \/>\nGaz bombalar\u0131yla sald\u0131r\u0131ld\u0131, yang\u0131n \u00e7\u0131kt\u0131, dumandan g\u00f6z g\u00f6z\u00fc g\u00f6rm\u00fcyordu, dozerler kep\u00e7eler duvarlar\u0131 y\u0131kmaya ba\u015flad\u0131. \u0130\u015fte o y\u0131k\u0131lan duvarlardan birinin dibindeydi Veli, nefes almakta g\u00fc\u00e7l\u00fck \u00e7ekiyordu, orac\u0131\u011fa y\u0131\u011f\u0131lm\u0131\u015ft\u0131. Duvara devasa bir balta gibi inen kep\u00e7e, sa\u011f koluna denk geldi, kopard\u0131 att\u0131.<br \/>\nBay\u0131ld\u0131.<br \/>\nOlaylar yat\u0131\u015fana kadar o vaziyette kald\u0131.<br \/>\nKan kayb\u0131na ra\u011fmen hayata tutunmay\u0131 ba\u015fard\u0131.<br \/>\nKopar\u0131lan kolu kay\u0131pt\u0131. O karga\u015fada bir k\u00f6pek taraf\u0131ndan kap\u0131lm\u0131\u015f, g\u00f6t\u00fcr\u00fclm\u00fc\u015ft\u00fc. Molozlar aras\u0131nda k\u00f6pe\u011fin a\u011fz\u0131nda bulundu, ambulansa getirildi. Buz torbas\u0131 filan yok tabii, market po\u015fetine koydular. A\u011fr\u0131 kesiciyi bas\u0131p sedyeye yat\u0131rd\u0131lar, kopan kolunu yan\u0131na ili\u015ftirdiler, Burdur devlet hastanesine g\u00f6t\u00fcrd\u00fcler, mikrocerrahi yoktu, tekrar ambulansa y\u00fcklediler, Isparta devlet hastanesine g\u00f6t\u00fcrd\u00fcler, gene mikrocerrahi yoktu, oradan oraya g\u00f6t\u00fcreceklerine Antalya Akdeniz \u00dcniversitesi&#8217;ne g\u00f6t\u00fcrselerdi, kolu kurtulacakt\u0131, kol kaybedildi.<br \/>\nCanl\u0131 cenazeye d\u00f6nm\u00fc\u015ft\u00fc, kendinde bile de\u011fildi ama\u2026 Ka\u00e7mas\u0131n aman ha diye, sa\u011flam kolunu kelep\u00e7eyle yata\u011fa ba\u011flad\u0131lar, ayaklar\u0131na zincir vurdular.<br \/>\nB\u00f6ylesine a\u011f\u0131r ameliyata ra\u011fmen sadece bir hafta hastanede kalabildi, bir hafta sonra tekrar Burdur cezaevine yolland\u0131. Ertesi g\u00fcn durumu a\u011f\u0131rla\u015f\u0131nca, l\u00fctfedip tekrar hastaneye g\u00f6t\u00fcr\u00fcld\u00fc, sadece 28 g\u00fcn sonra \u201cart\u0131k iyile\u015fti, turp gibi\u201d denilerek, tekrar cezaevine yolland\u0131.<br \/>\nSapasa\u011flam bir insanken, engelli bir insana d\u00f6n\u00fc\u015fm\u00fc\u015ft\u00fc.<br \/>\nCezaevinin o k\u00f6t\u00fc ko\u011fu\u015f ko\u015fullar\u0131nda ki\u015fisel ihtiya\u00e7lar\u0131n\u0131 kar\u015f\u0131lamakta, engelli hayata adapte olmakta m\u00fcthi\u015f g\u00fc\u00e7l\u00fck \u00e7ekti.<br \/>\nAc\u0131lar i\u00e7inde, bu halde, iki y\u0131l alt\u0131 ay hapis yat\u0131r\u0131ld\u0131.<br \/>\nSonra serbest b\u0131rak\u0131ld\u0131. \u00c7\u00fcnk\u00fc\u2026 Yasad\u0131\u015f\u0131 \u00f6rg\u00fcte yard\u0131m su\u00e7lamas\u0131yla yarg\u0131lan\u0131p mahkum edildi\u011fi davaya itiraz etmi\u015f, itiraz\u0131 nihayet hakl\u0131 bulunmu\u015f, beraat etmi\u015fti.<br \/>\nYani\u2026 Yok yere tutuklanm\u0131\u015f, kolu kopar\u0131lm\u0131\u015f, 2.5 y\u0131l hapis yat\u0131r\u0131lm\u0131\u015f, sonra da \u201cpardon\u201d denilmi\u015fti.<br \/>\nBu ya\u015fad\u0131\u011f\u0131 tarifsiz adaletsizlik \u00fczerine, say\u0131n devletimizi mahkemeye verdi. 100 bin liral\u0131k maddi, 50 bin liral\u0131k manevi tazminat davas\u0131 a\u00e7t\u0131.<br \/>\nBu arada, d\u0131\u015fardan a\u00e7\u0131k \u00f6\u011fretimi bitirdi, \u00fcniversite diplomas\u0131 ald\u0131, KPSS&#8217;ye girdi, \u00e7ok y\u00fcksek puanla kazand\u0131, n\u00fcfus idaresinde memur oldu.<br \/>\nTazminat davas\u0131 be\u015f y\u0131l s\u00fcrd\u00fc. Duru\u015fma \u00fcst\u00fcne duru\u015fma, neticede kazand\u0131, 150 bin lira tazminat \u00f6dendi.<br \/>\nAncak, Dan\u0131\u015ftay bu karar\u0131 be\u011fenmedi, bozdu, \u201csay\u0131n devletimiz ma\u011fdur oldu\u201d diyerek, yeniden yarg\u0131lanmas\u0131na h\u00fckmetti.<br \/>\nYeniden yarg\u0131lad\u0131lar.<br \/>\nVeli su\u00e7lu bulundu iyi mi\u2026<br \/>\nBilirki\u015fi raporu \u00e7er\u00e7evesinde, kep\u00e7e operat\u00f6r\u00fcn\u00fcn, askerlerin, komutanlar\u0131n, gardiyanlar\u0131n, sa\u011fl\u0131k \u00e7al\u0131\u015fanlar\u0131n\u0131n herhangi bir kusuru olmad\u0131\u011f\u0131na karar verildi. Dolay\u0131s\u0131yla, tazminat filan \u00f6denmesine gerek yoktu. Bi hesaplad\u0131lar karde\u015fim\u2026 Veli&#8217;nin say\u0131n devletimize faiziyle birlikte 500 bin lira geri \u00f6demesine h\u00fckmedildi!<br \/>\nYok yere kolunu koparan say\u0131n devletimiz, \u00fcste para istiyordu.<br \/>\n\u0130tiraz etti.<br \/>\n\u201cSiz bana kolumu geri verin, ben de size tazminat\u0131 geri vereyim\u201d dedi.<br \/>\nDuru\u015fma \u00fcst\u00fcne duru\u015fma, bilirki\u015fi \u00fcst\u00fcne bilirki\u015fi, yeniden hesaplama yap\u0131ld\u0131, evet yanl\u0131\u015f hesaplam\u0131\u015f\u0131z denildi, faiziyle birlikte 725 bin lira geri \u00f6demesine karar verildi!<br \/>\nNe yaps\u0131n Veli? Avrupa \u0130nsan Haklar\u0131 Mahkemesi&#8217;ne ba\u015fvurdu. Say\u0131n devletimiz Avrupa \u0130nsan Haklar\u0131 Mahkemesi&#8217;nden gelecek karar\u0131 beklemedi, icraya verdi, evindeki e\u015fyalar\u0131 haczetmeye kalkt\u0131.<br \/>\nAvrupa \u0130nsan Haklar\u0131 Mahkemesi elbette Veli&#8217;yi hakl\u0131 buldu, say\u0131n devletimize \u201ctazminat\u0131 geri alamazs\u0131n\u201d dedi.<br \/>\nSay\u0131n devletimiz, uluslararas\u0131 hukuk gere\u011fi tazminat\u0131 geri almaktan mecburen vazge\u00e7ti. Ama, kara kapl\u0131 deftere kaydedilen Veli&#8217;yi asla unutmad\u0131.<br \/>\nGel zaman git zaman\u2026 Ola\u011fan\u00fcst\u00fc hal kapsam\u0131nda, fetocular\u0131 ay\u0131kl\u0131yorum aya\u011f\u0131yla kanun h\u00fckm\u00fcnde kararname \u00e7\u0131kar\u0131ld\u0131, \u00f6mr\u00fc boyunca sol \u00f6rg\u00fct \u00fcyesi olmaktan yarg\u0131lanan Veli, fetocu metocu diye i\u015finden at\u0131ld\u0131, memurluktan ihra\u00e7 edildi.<br \/>\n\u00dcstelik, banka hesab\u0131ndaki alt\u0131 bin liraya el konuldu.<br \/>\nYetmedi, protesto g\u00f6sterisine kat\u0131l\u0131yor, i\u015finden at\u0131lmas\u0131na itiraz ediyor diye, polis taraf\u0131ndan karga tulumba g\u00f6zalt\u0131na al\u0131nd\u0131, d\u00f6v\u00fcld\u00fc, sa\u011flam kolu b\u00fck\u00fclerek k\u0131r\u0131lmaya \u00e7al\u0131\u015f\u0131ld\u0131. Hastaneye g\u00f6t\u00fcr\u00fcld\u00fc, surat\u0131ndaki a\u00e7\u0131k se\u00e7ik darp izlerine ra\u011fmen \u201cgayet iyi, g\u00f6zalt\u0131 i\u015fleminde herhangi bir sorun yok\u201d raporu verildi.<br \/>\nSonra?<br \/>\nT\u0131pk\u0131 Veli gibi, fetoculukla falan hi\u00e7 alakas\u0131 olmayan binlerce ki\u015fiyi, s\u0131rf muhalif olduklar\u0131 i\u00e7in, f\u0131rsat bu f\u0131rsat, kanun h\u00fckm\u00fcnde kararnameyle i\u015ften att\u0131lar. Akademisyen Nuriye G\u00fclmen ve \u00f6\u011fretmen Semih \u00d6zak\u00e7a bu sahte gerek\u00e7enin kurbanlar\u0131ndand\u0131. Boyunlar\u0131n\u0131 b\u00fck\u00fcp seslerini kesmek yerine, Ankara K\u0131z\u0131lay&#8217;daki \u0130nsan Haklar\u0131 An\u0131t\u0131&#8217;n\u0131n \u00f6n\u00fcne gittiler, a\u00e7l\u0131k grevine ba\u015flad\u0131lar. Tutukland\u0131lar.<br \/>\nVeli onlara destek vermek i\u00e7in \u0130nsan Haklar\u0131 An\u0131t\u0131&#8217;n\u0131n \u00f6n\u00fcne gitti.<br \/>\nVeli&#8217;yi plastik mermilerle vurdular.<br \/>\nHem de \u00f6yle b\u00f6yle de\u011fil, bildi\u011fin tarad\u0131lar.<br \/>\nYar\u0131m metreden kafas\u0131na kafas\u0131na s\u0131kt\u0131lar.<br \/>\nPlastik mermilerin v\u00fccudunda yola\u00e7t\u0131\u011f\u0131 tahribat\u0131n foto\u011fraf\u0131n\u0131 \u00e7ekti, sosyal medyada yay\u0131nlad\u0131, korkun\u00e7tu. \u00d6lmemesi mucizeydi.<br \/>\nVeli&#8217;yi adeta delik de\u015fik ederlerken, 65 ya\u015f\u0131ndaki annesi Kezban&#8217;\u0131 da yerlerde s\u00fcr\u00fcklediler, tekmelediler.<br \/>\nVeli oraya geldi\u011fi i\u00e7in, ana y\u00fcre\u011fi de pe\u015finden gelmi\u015fti.<br \/>\nG\u00fcya \u201canalar a\u011flamas\u0131n\u201d denilirken, yerlerde s\u00fcr\u00fcklenen ana\u2026 K\u0131nal\u0131 sa\u00e7l\u0131 ba\u015f\u00f6rt\u00fcl\u00fc Kezban anne ne dedi biliyor musunuz?<br \/>\n\u201c17 y\u0131l \u00f6nce Burdur&#8217;da Veli&#8217;nin kolunu kopard\u0131klar\u0131nda beni gene b\u00f6yle yerlerde s\u00fcr\u00fcklemi\u015flerdi, elbiselerim \u00e7\u0131km\u0131\u015ft\u0131, ondan sonra bir daha hi\u00e7 etek giymedim\u201d dedi!<br \/>\n\u201cDevlet\u201d ad\u0131 alt\u0131ndaki zihniyet hi\u00e7 utanm\u0131yordu ama\u2026 Kezban anne nolur noolmaz diye 17 y\u0131ld\u0131r pantolonla geziyordu.<br \/>\n*<br \/>\nVe, \u015fimdi Veli\u2026<br \/>\nAnkara&#8217;da Hdp listesinden birinci s\u0131ra aday\u0131 oldu.<br \/>\n*<br \/>\nBana g\u00f6re ne etnik meseledir, ne mezhep.<br \/>\nVay efendim Hdp&#8217;ymi\u015f filan, ge\u00e7in bunlar\u0131.<br \/>\n\u201cPartiler\u00fcst\u00fc insan\u201dd\u0131r.<br \/>\n*<br \/>\nCumhur ittifak\u0131 oy istiyor.<br \/>\nMillet ittifak\u0131 oy istiyor.<br \/>\nVeli ise \u201c\u015fer ittifak\u0131\u201dn\u0131n ma\u011fdurudur!<br \/>\n*<br \/>\nDevlet ad\u0131 alt\u0131nda insanlara eziyet eden zihniyetin kurban\u0131d\u0131r.<br \/>\n\u201c\u015eer ittifak\u0131\u201dn\u0131n ma\u011fduru olan herkesin ortak temsilcisidir.<br \/>\n*<br \/>\nBen hayat\u0131mda Veli kadar milletvekili olmay\u0131 hakeden birini g\u00f6rmedim\u2026<br \/>\nTek adama kar\u015f\u0131 tek kollu adamd\u0131r!<\/p>\n<p>https:\/\/www.sozcu.com.tr\/2018\/yazarlar\/yilmaz-ozdil\/tek-adama-karsi-tek-kollu-adam-2449152\/<\/p>\n<p><img src=\"http:\/\/www.gurbuz.net\/Turk\/050618.PNG\" alt=\"\" \/><\/p>\n","protected":false},"excerpt":{"rendered":"<p>Tek adama kar\u015f\u0131 tek kollu adam 5 Haziran 2018 Gariban bir ailenin \u00e7ocu\u011fuydu Veli. Gecekonduda b\u00fcy\u00fcd\u00fc. Hem okumak hem \u00e7al\u0131\u015fmak zorunda oldu\u011fu i\u00e7in meslek lisesinden sonra devam edemedi. Ankara&#8217;da sanayi sitesinde \u00e7al\u0131\u015f\u0131yordu. \u00d6b\u00fcr at\u00f6lyelerdeki i\u015f\u00e7ileri sendika \u00fcyesi olmaya te\u015fvik ediyordu. Bu b\u00fcy\u00fck su\u00e7 (!) nedeniyle \u201cyasad\u0131\u015f\u0131 \u00f6rg\u00fcte yard\u0131m\u201d iddias\u0131yla tutukland\u0131. \u00dc\u00e7 ay hapis yat\u0131r\u0131ld\u0131, b\u0131rak\u0131ld\u0131. &hellip; <\/p>\n<p class=\"link-more\"><a href=\"http:\/\/wordpress.gurbuz.net\/?p=10097\" class=\"more-link\"><span class=\"screen-reader-text\">\u201e> Tek adama kar\u015f\u0131 tek kollu adam < Sadece te\u015fekk\u00fcr ederim \u0130zmirlim. En i\u00e7ten sayg\u0131lar\u0131mla \u00d6nder G\u00fcrb\u00fcz\u201c<\/span> weiterlesen<\/a><\/p>\n","protected":false},"author":1,"featured_media":0,"comment_status":"open","ping_status":"open","sticky":false,"template":"","format":"standard","meta":[],"categories":[1],"tags":[],"_links":{"self":[{"href":"http:\/\/wordpress.gurbuz.net\/index.php?rest_route=\/wp\/v2\/posts\/10097"}],"collection":[{"href":"http:\/\/wordpress.gurbuz.net\/index.php?rest_route=\/wp\/v2\/posts"}],"about":[{"href":"http:\/\/wordpress.gurbuz.net\/index.php?rest_route=\/wp\/v2\/types\/post"}],"author":[{"embeddable":true,"href":"http:\/\/wordpress.gurbuz.net\/index.php?rest_route=\/wp\/v2\/users\/1"}],"replies":[{"embeddable":true,"href":"http:\/\/wordpress.gurbuz.net\/index.php?rest_route=%2Fwp%2Fv2%2Fcomments&post=10097"}],"version-history":[{"count":1,"href":"http:\/\/wordpress.gurbuz.net\/index.php?rest_route=\/wp\/v2\/posts\/10097\/revisions"}],"predecessor-version":[{"id":10098,"href":"http:\/\/wordpress.gurbuz.net\/index.php?rest_route=\/wp\/v2\/posts\/10097\/revisions\/10098"}],"wp:attachment":[{"href":"http:\/\/wordpress.gurbuz.net\/index.php?rest_route=%2Fwp%2Fv2%2Fmedia&parent=10097"}],"wp:term":[{"taxonomy":"category","embeddable":true,"href":"http:\/\/wordpress.gurbuz.net\/index.php?rest_route=%2Fwp%2Fv2%2Fcategories&post=10097"},{"taxonomy":"post_tag","embeddable":true,"href":"http:\/\/wordpress.gurbuz.net\/index.php?rest_route=%2Fwp%2Fv2%2Ftags&post=10097"}],"curies":[{"name":"wp","href":"https:\/\/api.w.org\/{rel}","templated":true}]}}